{"id":133,"date":"2014-02-24T10:45:07","date_gmt":"2014-02-24T10:45:07","guid":{"rendered":"http:\/\/www.sustainable-everyday-project.net\/agenda21\/?p=133"},"modified":"2014-03-03T17:13:44","modified_gmt":"2014-03-03T17:13:44","slug":"iris-21","status":"publish","type":"post","link":"http:\/\/www.sustainable-everyday-project.net\/agenda21\/?p=133","title":{"rendered":"IRIS 21"},"content":{"rendered":"<p>Version fran\u00e7aise<\/p>\n<hr \/>\n<p><strong><img loading=\"lazy\" decoding=\"async\" class=\"alignleft  wp-image-477\" title=\"pictograms-aem-0058-general-warning-hazard\" src=\"http:\/\/www.sustainable-everyday-project.net\/agenda21\/files\/2012\/05\/pictograms-aem-0058-general-warning-hazard-150x150.png\" alt=\"\" width=\"80\" height=\"80\" srcset=\"http:\/\/www.sustainable-everyday-project.net\/agenda21\/files\/2012\/05\/pictograms-aem-0058-general-warning-hazard-150x150.png 150w, http:\/\/www.sustainable-everyday-project.net\/agenda21\/files\/2012\/05\/pictograms-aem-0058-general-warning-hazard.png 256w\" sizes=\"auto, (max-width: 80px) 100vw, 80px\" \/>AVERTISSEMENT<\/strong><br \/>\nCe sc\u00e9nario a \u00e9t\u00e9 \u00e9labor\u00e9 \u00e0 partir des conclusions du Rapport d&#8217;\u00e9valuation de l&#8217;appel \u00e0 projets &#8216;Agenda IRIS 21&#8217; en f\u00e9vrier 2012. Il repr\u00e9sente un ensemble de suggestions co-\u00e9labor\u00e9es par les participants \u00e0 l&#8217;\u00e9tude et n&#8217;engage en rien la R\u00e9gion Bruxelles-Capitale.<\/p>\n<hr \/>\n<p><iframe loading=\"lazy\" src=\"http:\/\/player.vimeo.com\/video\/42604400\" frameborder=\"0\" width=\"670\" height=\"419\"><\/iframe><\/p>\n<p><strong>Construction participative<\/strong><\/p>\n<p>Fort des r\u00e9sultats obtenus apr\u00e8s trois ans de mise en place de l&#8217;appel \u00e0 projet Agenda Iris 21, la R\u00e9gion, les Communes et CPAS engag\u00e9es entament un processus participatif de co-construction de l&#8217;avenir des \u00a0Agendas 21 en R\u00e9gion Bruxelles Capitale.<\/p>\n<p>&nbsp;<\/p>\n<p><strong>Diffuser vers le public<\/strong><\/p>\n<p>Processus de transformation structurelle partant de l&#8217;action publique, les Agendas Iris 21 manquent de visibilit\u00e9 et mettent rapidement en place des projections grand public mensuelles pour montrer les actions en cours.<\/p>\n<p><strong>Chantiers politiques publiques 21<\/strong><\/p>\n<p>L&#8217;exp\u00e9rience Iris 21 a surtout mis en exergue les barri\u00e8res en terme de gouvernance internes des institutions : des chantiers collaboratifs avec les porteurs des Agenda 21 sont mis en place pour fluidifier les processus de transition locale durable.<\/p>\n<p><strong>Campus Iris 21<\/strong><\/p>\n<p>Pour repositionner l&#8217;accrochage politique des Agenda Iris 21 plus tourn\u00e9es vers le pilier environnement du d\u00e9veloppement durable, des Campus 21 sont l&#8217;occasion pour les \u00e9lus et les services de voir d&#8217;autres exp\u00e9riences internationales de durabilit\u00e9 locale et de d\u00e9battre de l&#8217;Agenda 21 comme un outil de gouvernance pour le d\u00e9veloppement durable.<\/p>\n<p><strong>Plateforme Iris 21<\/strong><\/p>\n<p>Plus que s&#8217;engager elle-m\u00eame dans un processus Agenda 21, la R\u00e9gion se propose de mettre en place une Plateforme Iris 21 pour activer une gouvernance transversale, multi-niveaux des Agendas r\u00e9gionaux.<\/p>\n<p><strong>Exp\u00e9riences de subsidiation transversale<\/strong><\/p>\n<p>Les chantiers 21 mis en place au sein de la plateforme r\u00e9gionale Iris 21 g\u00e9n\u00e8rent en particulier des exp\u00e9rimentations concr\u00e8tes par exemple de modes de subsidiation transversaux, favorisant l&#8217;inter-territorialit\u00e9 et la collaboration entre les instituons porteuses d&#8217;Agenda 21.<\/p>\n<p><strong>M\u00e9diateurs inter-institutions<\/strong><\/p>\n<p>Parmi les formes originales exp\u00e9riment\u00e9es, des coordinateurs Agenda 21 partag\u00e9s entre plusieurs institutions montrent l&#8217;int\u00e9r\u00eat d&#8217;une posture &#8216;dedans-dehors&#8217; qui permet l&#8217;ancrage dans une institution tout en conservant une certaine distance avec l&#8217;interne favorable \u00e0 la mise en synergie.<\/p>\n<p><strong>Inspection Durable 21<\/strong><\/p>\n<p>Le recentrage des Agenda Iris 21 sur la gouvernance pour de d\u00e9veloppement durable g\u00e9n\u00e8re en particulier la mise en place d&#8217;une Inspection Durable 21 qui, \u00e0 l&#8217;instar de l&#8217;inspection du budget \u00e9value syst\u00e9matiquement les qualit\u00e9s durable de chaque projet dans la r\u00e9gion&#8230;<\/p>\n<p><strong>Indicateurs syst\u00e9miques<\/strong><\/p>\n<p>Plus qu&#8217;\u00e9valuer les progr\u00e8s de chaque plan d&#8217;action, la Plateforme Iris 21 met en place des indicateurs r\u00e9gionaux des Agenda Iris 21 relatifs \u00e0 la p\u00e9n\u00e9tration du d\u00e9veloppement durable dans les modes de gouvernance, de la subsidiarit\u00e9, la responsabilit\u00e9, le pluralisme, la transparence, la participation, la solidarit\u00e9, l\u2019approche syst\u00e9mique&#8230;<\/p>\n<p><strong>R\u00e9seau interactif<\/strong><\/p>\n<p>Le processus programmatique et institutionnel des Agendas 21 au d\u00e9part devient plus organique, int\u00e9gr\u00e9, synonyme de synergie, de transversalit\u00e9. Il se conjugue \u00e0 l&#8217;effort soutenu pour donner une visibilit\u00e9 large et syst\u00e9matique aux actions entreprises au sein de la Plateforme Iris 21 qui inscrit les Agenda Iris 21 comme un exemple de gouvernance r\u00e9gionale multi-niveaux durable.<\/p>\n","protected":false},"excerpt":{"rendered":"<p>Version fran\u00e7aise AVERTISSEMENT Ce sc\u00e9nario a \u00e9t\u00e9 \u00e9labor\u00e9 \u00e0 partir des conclusions du Rapport d&#8217;\u00e9valuation de l&#8217;appel \u00e0 projets &#8216;Agenda IRIS 21&#8217; en f\u00e9vrier 2012. Il repr\u00e9sente un ensemble de suggestions co-\u00e9labor\u00e9es par les participants \u00e0 l&#8217;\u00e9tude et n&#8217;engage en rien la R\u00e9gion Bruxelles-Capitale. Construction participative Fort des r\u00e9sultats obtenus apr\u00e8s trois ans de mise [&hellip;]<\/p>\n","protected":false},"author":1,"featured_media":235,"comment_status":"closed","ping_status":"open","sticky":false,"template":"","format":"standard","meta":{"footnotes":""},"categories":[32,39],"tags":[11,34,35,33],"class_list":["post-133","post","type-post","status-publish","format-standard","has-post-thumbnail","hentry","category-brusselscapitalregionagenda21scenario","category-scenario_fr-2","tag-agenda-21","tag-belgique","tag-bruxelles","tag-iris-21"],"_links":{"self":[{"href":"http:\/\/www.sustainable-everyday-project.net\/agenda21\/index.php?rest_route=\/wp\/v2\/posts\/133","targetHints":{"allow":["GET"]}}],"collection":[{"href":"http:\/\/www.sustainable-everyday-project.net\/agenda21\/index.php?rest_route=\/wp\/v2\/posts"}],"about":[{"href":"http:\/\/www.sustainable-everyday-project.net\/agenda21\/index.php?rest_route=\/wp\/v2\/types\/post"}],"author":[{"embeddable":true,"href":"http:\/\/www.sustainable-everyday-project.net\/agenda21\/index.php?rest_route=\/wp\/v2\/users\/1"}],"replies":[{"embeddable":true,"href":"http:\/\/www.sustainable-everyday-project.net\/agenda21\/index.php?rest_route=%2Fwp%2Fv2%2Fcomments&post=133"}],"version-history":[{"count":23,"href":"http:\/\/www.sustainable-everyday-project.net\/agenda21\/index.php?rest_route=\/wp\/v2\/posts\/133\/revisions"}],"predecessor-version":[{"id":550,"href":"http:\/\/www.sustainable-everyday-project.net\/agenda21\/index.php?rest_route=\/wp\/v2\/posts\/133\/revisions\/550"}],"wp:featuredmedia":[{"embeddable":true,"href":"http:\/\/www.sustainable-everyday-project.net\/agenda21\/index.php?rest_route=\/wp\/v2\/media\/235"}],"wp:attachment":[{"href":"http:\/\/www.sustainable-everyday-project.net\/agenda21\/index.php?rest_route=%2Fwp%2Fv2%2Fmedia&parent=133"}],"wp:term":[{"taxonomy":"category","embeddable":true,"href":"http:\/\/www.sustainable-everyday-project.net\/agenda21\/index.php?rest_route=%2Fwp%2Fv2%2Fcategories&post=133"},{"taxonomy":"post_tag","embeddable":true,"href":"http:\/\/www.sustainable-everyday-project.net\/agenda21\/index.php?rest_route=%2Fwp%2Fv2%2Ftags&post=133"}],"curies":[{"name":"wp","href":"https:\/\/api.w.org\/{rel}","templated":true}]}}