{"id":82,"date":"2012-05-11T08:24:33","date_gmt":"2012-05-11T08:24:33","guid":{"rendered":"http:\/\/www.sustainable-everyday-project.net\/agenda21\/?p=82"},"modified":"2014-03-03T15:38:25","modified_gmt":"2014-03-03T15:38:25","slug":"democites-21","status":"publish","type":"post","link":"http:\/\/www.sustainable-everyday-project.net\/agenda21\/?p=82","title":{"rendered":"D\u00c9MOCIT\u00c9S 21"},"content":{"rendered":"<p>Version fran\u00e7aise<br \/>\n<iframe loading=\"lazy\" src=\"http:\/\/player.vimeo.com\/video\/44447366\" frameborder=\"0\" width=\"670\" height=\"419\"><\/iframe><\/p>\n<p><strong>Territoires en exp\u00e9rimentation<\/strong><\/p>\n<p>Pour sortir l\u2019action publique locale des impasses d\u2019une gestion descendante, hi\u00e9rarchique et sectoris\u00e9e, certains territoires \u00e0 travers l&#8217;Europe se proclament &#8216;en exp\u00e9rimentation&#8217;.<\/p>\n<p>Ces territoires essayent de nouvelles formes de gouvernance : structures administratives l\u00e9g\u00e8res et temporaires orient\u00e9es vers l&#8217;innovation et la transformation, management \u00ab\u00a0durable\u00a0\u00bb, souplesse des territoires pour s&#8217;adapter, se renouveler, se construire, prise en compte des interactions et du long terme.<\/p>\n<p><strong>D\u00e9mocit\u00e9 21<\/strong><\/p>\n<p>Ces territoires s&#8217;emparent symboliquement des anciens agendas 21 qui s&#8217;inscrivaient dans la machine administrative pour la faire \u00e9voluer et revendiquent un renouveau de la gouvernance locale, qu\u2019ils nomment &#8220;D\u00e9mocit\u00e9 21&#8221;.<\/p>\n<p>D\u00e9mocit\u00e9\u00a021 devient un cadre de r\u00e9f\u00e9rence pour les acteurs publics locaux, valorisant les pratiques prometteuses et leurs diff\u00e9rents modes de d\u00e9clinaison locale.<\/p>\n<p><strong>Zone franches en r\u00e9seau&#8230;<\/strong><\/p>\n<p>Ces territoires en exp\u00e9rimentation existent au d\u00e9but surtout \u00e0 l&#8217;\u00e9chelle micro-locale : un village, un quartier, une interco\u2026 Ils constituent des vitrines exemples et forment un r\u00e9seau tr\u00e8s r\u00e9actif \u00e0 travers l&#8217;Europe qui leur permet d&#8217;\u00e9changer, d&#8217;\u00eatre \u00e9valu\u00e9s par des pairs et de faire partager et\u00a0 fructifier leurs exp\u00e9riences.<\/p>\n<p><strong>Inter-territorialit\u00e9<\/strong><\/p>\n<p>Face au manque de coh\u00e9rence entre les niveaux de collectivit\u00e9s locales qui g\u00e9n\u00e8rent des in\u00e9galit\u00e9s territoriales, ce r\u00e9seau de territoires en exp\u00e9rimentation d\u00e9veloppe des synergies entre territoires connexes, le dialogue transversal entre institutions et invente une v\u00e9ritable inter-territorialit\u00e9.<\/p>\n<p><strong>Coh\u00e9rence entre \u00e9chelles et territoires<\/strong><\/p>\n<p>Au niveau europ\u00e9en tous les \u00e9chelons s&#8217;accordent sur des objectifs strat\u00e9giques communs de d\u00e9veloppement durable, \u00e0 la suite desquels chaque partie prenante, m\u00eame de taille modeste, d\u00e9cline ses propres objectifs. Les budgets, supports de transition et objectifs communs en terme de durabilit\u00e9, sont arbitr\u00e9s entre les territoires et r\u00e9partis en fonction des principes de subsidiarit\u00e9.<\/p>\n<p><strong>Programmes ExpTer<\/strong><\/p>\n<p>Les instances europ\u00e9ennes et les \u00e9tats membres en proie aux pressions sociales, \u00e9conomiques et environnementales reconnaissent l&#8217;int\u00e9r\u00eat des\u00a0D\u00e9mocit\u00e9s 21 et encouragent la recherche-action en ajoutant aux InterReg des programmes ExpTer qui permettent de co-financer des exp\u00e9rimentations locales en mati\u00e8re de d\u00e9mocratie durable.<\/p>\n<p><strong>Renouveau de l\u2019Etat\u00a0<\/strong><\/p>\n<p>Pour assurer une \u00e9volution globale et coh\u00e9rente des structures intervenant dans les territoires, plusieurs acteurs publics nationaux poussent \u00e0 la mise en place d&#8217;une exp\u00e9rimentation au niveau de l&#8217;Etat sur le mod\u00e8le des D\u00e9mocit\u00e9s 21, dont les impacts ont \u00e9t\u00e9 \u00e9valu\u00e9s au niveau europ\u00e9en et les avantages en termes de durabilit\u00e9 ont \u00e9t\u00e9 prouv\u00e9s.<\/p>\n<p><strong>Renouveau de l\u2019Etat\u00a0<\/strong><\/p>\n<p>Les objectifs de cette exp\u00e9rimentation nationale sont d&#8217;explorer d&#8217;une part comment l\u2019\u00e9volution de l\u2019action locale modifie le r\u00f4le de l&#8217;\u00c9tat et pr\u00e9cise ses missions et d&#8217;autre part, comment ses modes d&#8217;action de celui-ci peuvent s&#8217;all\u00e9ger et accompagner cet \u00e9lan de r\u00e9novation des collectivit\u00e9s locales.<\/p>\n<p><strong>Minist\u00e8res mobiles<\/strong><\/p>\n<p>Au niveau central, r\u00e9gional et local, des Equipes-projets Interminist\u00e9rielles Mobiles exp\u00e9rimentales s&#8217;installent sur le terrain, naviguent au sein d\u2019un r\u00e9seau de\u00a0Hubs Publics\u00a0en r\u00e9gion, animent la transversalit\u00e9 entre les diff\u00e9rentes missions de l\u2019Etat et soutiennent les territoires pour atteindre les objectifs de d\u00e9veloppement durable fix\u00e9s collectivement au niveau europ\u00e9en.<\/p>\n<p><strong>Responsables de la d\u00e9lib\u00e9ration<\/strong><\/p>\n<p>Des constantes entrent progressivement dans le cadre de r\u00e9f\u00e9rence D\u00e9mocit\u00e9\u00a021: les \u00e9lus passent de d\u00e9l\u00e9gataires de la d\u00e9cision \u00e0 un r\u00f4le non-cumulable de responsable de la qualit\u00e9 de la d\u00e9lib\u00e9ration et de la richesse de la participation, principaux modes de construction et de d\u00e9cision des\u00a0D\u00e9mocit\u00e9s 21&#8230;<\/p>\n","protected":false},"excerpt":{"rendered":"<p>Version fran\u00e7aise Territoires en exp\u00e9rimentation Pour sortir l\u2019action publique locale des impasses d\u2019une gestion descendante, hi\u00e9rarchique et sectoris\u00e9e, certains territoires \u00e0 travers l&#8217;Europe se proclament &#8216;en exp\u00e9rimentation&#8217;. Ces territoires essayent de nouvelles formes de gouvernance : structures administratives l\u00e9g\u00e8res et temporaires orient\u00e9es vers l&#8217;innovation et la transformation, management \u00ab\u00a0durable\u00a0\u00bb, souplesse des territoires pour s&#8217;adapter, se [&hellip;]<\/p>\n","protected":false},"author":1,"featured_media":197,"comment_status":"closed","ping_status":"open","sticky":false,"template":"","format":"standard","meta":{"footnotes":""},"categories":[5,36],"tags":[11,16,15,13,12],"class_list":["post-82","post","type-post","status-publish","format-standard","has-post-thumbnail","hentry","category-franceagenda21scenarios","category-scenariosfr","tag-agenda-21","tag-democites-21","tag-france","tag-rio20","tag-scenarios"],"_links":{"self":[{"href":"http:\/\/www.sustainable-everyday-project.net\/agenda21\/index.php?rest_route=\/wp\/v2\/posts\/82","targetHints":{"allow":["GET"]}}],"collection":[{"href":"http:\/\/www.sustainable-everyday-project.net\/agenda21\/index.php?rest_route=\/wp\/v2\/posts"}],"about":[{"href":"http:\/\/www.sustainable-everyday-project.net\/agenda21\/index.php?rest_route=\/wp\/v2\/types\/post"}],"author":[{"embeddable":true,"href":"http:\/\/www.sustainable-everyday-project.net\/agenda21\/index.php?rest_route=\/wp\/v2\/users\/1"}],"replies":[{"embeddable":true,"href":"http:\/\/www.sustainable-everyday-project.net\/agenda21\/index.php?rest_route=%2Fwp%2Fv2%2Fcomments&post=82"}],"version-history":[{"count":27,"href":"http:\/\/www.sustainable-everyday-project.net\/agenda21\/index.php?rest_route=\/wp\/v2\/posts\/82\/revisions"}],"predecessor-version":[{"id":119,"href":"http:\/\/www.sustainable-everyday-project.net\/agenda21\/index.php?rest_route=\/wp\/v2\/posts\/82\/revisions\/119"}],"wp:featuredmedia":[{"embeddable":true,"href":"http:\/\/www.sustainable-everyday-project.net\/agenda21\/index.php?rest_route=\/wp\/v2\/media\/197"}],"wp:attachment":[{"href":"http:\/\/www.sustainable-everyday-project.net\/agenda21\/index.php?rest_route=%2Fwp%2Fv2%2Fmedia&parent=82"}],"wp:term":[{"taxonomy":"category","embeddable":true,"href":"http:\/\/www.sustainable-everyday-project.net\/agenda21\/index.php?rest_route=%2Fwp%2Fv2%2Fcategories&post=82"},{"taxonomy":"post_tag","embeddable":true,"href":"http:\/\/www.sustainable-everyday-project.net\/agenda21\/index.php?rest_route=%2Fwp%2Fv2%2Ftags&post=82"}],"curies":[{"name":"wp","href":"https:\/\/api.w.org\/{rel}","templated":true}]}}