{"id":15,"date":"2014-03-03T17:22:03","date_gmt":"2014-03-03T17:22:03","guid":{"rendered":"http:\/\/www.sustainable-everyday-project.net\/boite-a-outils-visions-21\/?p=15"},"modified":"2015-07-13T10:02:49","modified_gmt":"2015-07-13T10:02:49","slug":"midi-pyrenees","status":"publish","type":"post","link":"http:\/\/www.sustainable-everyday-project.net\/boite-a-outils-visions-21\/?p=15","title":{"rendered":"DREAL Midi-Pyr\u00e9n\u00e9es"},"content":{"rendered":"<p><strong>\u00a0<img loading=\"lazy\" decoding=\"async\" class=\"alignnone wp-image-138\" src=\"http:\/\/www.sustainable-everyday-project.net\/boite-a-outils-visions-21\/files\/2014\/03\/Diapositive21.jpg\" alt=\"Diapositive2\" width=\"680\" height=\"322\" srcset=\"http:\/\/www.sustainable-everyday-project.net\/boite-a-outils-visions-21\/files\/2014\/03\/Diapositive21.jpg 1024w, http:\/\/www.sustainable-everyday-project.net\/boite-a-outils-visions-21\/files\/2014\/03\/Diapositive21-300x142.jpg 300w\" sizes=\"auto, (max-width: 680px) 100vw, 680px\" \/><\/strong><\/p>\n<p>Le processus de territorialisation VISIONS+21 s\u2019ins\u00e8re dans deux journ\u00e9es organis\u00e9es autour de la prospective par la DREAL Midi-Pyrenn\u00e9e. Au menu une mise en main de la boite \u00e0 outil VISIONS+21 avec plus d\u2019une vingtaine de collectivit\u00e9s locales (pour la plupart porteuses d\u2019Agenda 21 mais aussi pour certaines d\u2019un PCET) sont repr\u00e9sent\u00e9es pour venir exp\u00e9rimenter activement les diff\u00e9rents outils.<\/p>\n<p><img loading=\"lazy\" decoding=\"async\" class=\"alignnone wp-image-137\" src=\"http:\/\/www.sustainable-everyday-project.net\/boite-a-outils-visions-21\/files\/2014\/03\/Diapositive11.jpg\" alt=\"Midipy Agenda 21 de demain\" width=\"680\" height=\"322\" srcset=\"http:\/\/www.sustainable-everyday-project.net\/boite-a-outils-visions-21\/files\/2014\/03\/Diapositive11.jpg 1024w, http:\/\/www.sustainable-everyday-project.net\/boite-a-outils-visions-21\/files\/2014\/03\/Diapositive11-300x142.jpg 300w\" sizes=\"auto, (max-width: 680px) 100vw, 680px\" \/><\/p>\n<p>Dilemme: comment \u00e0 la fois mutualiser l\u2019effort de diss\u00e9mination en ouvrant la participation \u00e0 un maximum de territoires tout en exp\u00e9rimentant v\u00e9ritablement chaque outil en profondeur et sur un cas concret? Dans les discussions pr\u00e9paratoires d\u2019organisation des deux journ\u00e9es avec la DREAL nous proposons un moyen terme: plusieurs territoires au fil des deux jours pourraient se \u2018mettre en exp\u00e9rimentation\u2019 et offrir leur exp\u00e9rience pour appliquer les diff\u00e9rents outils. Ainsi le premier outil \u2018Contextualisation des territoires en transition dans l\u2019environnement strat\u00e9gique\u2019 est appliqu\u00e9 en prenant appuis sur la Commune du Grand Rodez repr\u00e9sent\u00e9e par Christelle Galtier; l\u2019outil Test de robustesse des territoires en transition est appliqu\u00e9 \u00e0 la Communaut\u00e9 de communes de Decazeville Aubin repr\u00e9sent\u00e9e par Claudine Delaroque; l\u2019outil Cr\u00e9ation\/adaptation d&#8217;un sc\u00e9nario de transition \u00e9cologique durable local est utilis\u00e9 dans le contexte de la Ville de Pamiers en Ari\u00e8ge repr\u00e9sent\u00e9e par Muriel Gressier. Pour chaque territoire, une rapide pr\u00e9sentation montrant \u00e0 la fois les lieux et les probl\u00e9matiques est partag\u00e9e par son repr\u00e9sentant. Ensuite les participants en sous-groupes simulent les parties prenantes pour utiliser ou exp\u00e9rimenter l\u2019outil.<\/p>\n<p><img loading=\"lazy\" decoding=\"async\" class=\"alignnone wp-image-140\" src=\"http:\/\/www.sustainable-everyday-project.net\/boite-a-outils-visions-21\/files\/2014\/03\/Diapositive41.jpg\" alt=\"Diapositive4\" width=\"680\" height=\"322\" srcset=\"http:\/\/www.sustainable-everyday-project.net\/boite-a-outils-visions-21\/files\/2014\/03\/Diapositive41.jpg 1024w, http:\/\/www.sustainable-everyday-project.net\/boite-a-outils-visions-21\/files\/2014\/03\/Diapositive41-300x142.jpg 300w\" sizes=\"auto, (max-width: 680px) 100vw, 680px\" \/><\/p>\n<p>Autre sp\u00e9cificit\u00e9 de ces deux journ\u00e9es: la co-construction de fiches \u2018conditions d\u2019applications et modalit\u00e9s d\u2019usage\u2019 pour chaque outil. Apr\u00e8s l\u2019exp\u00e9rimentation de chaque outil, les participants ont pris le temps (et nous les en remercions vivement) de remplir une carte-questionnaire qui ont permis apr\u00e8s synth\u00e8se de construire les fiches de pr\u00e9sentation qui compl\u00e8tent chaque outil VISION+21:<\/p>\n<p>\u2022 Contexte d\u2019utilisation de l\u2019outil?<\/p>\n<p>\u2022 Pour quel usage?<\/p>\n<p>\u2022 Quand utiliser cet outil\u00a0? \u00c0 quel moment de la vie d\u2019une d\u00e9marche DD\u00a0?<\/p>\n<p>\u2022 Pour quels participants<\/p>\n<p>\u2022 Avec quels types de participants\u00a0?<\/p>\n<p>\u2022 Des pr\u00e9-requis\u00a0?<\/p>\n<p>\u2022 Information pr\u00e9alable des participants sur le contexte ou la m\u00e9thode de travail<\/p>\n<p>\u2022 Combien de participants\u00a0?<\/p>\n<p>\u2022 Quelle pr\u00e9paration\u00a0? Avec quel mat\u00e9riel\u00a0? Suivant quelles \u00e9tapes\u00a0?<\/p>\n<p>\u2022 Quelle animation\u00a0?\u00a0Interne\u00a0\/ externe?<\/p>\n<p>\u2022 Quelle dur\u00e9e\u00a0?<\/p>\n<p>\u2022 Avantages d\u00e9tect\u00e9s \/ Points de vigilance<\/p>\n<p><img loading=\"lazy\" decoding=\"async\" class=\"alignnone wp-image-141\" src=\"http:\/\/www.sustainable-everyday-project.net\/boite-a-outils-visions-21\/files\/2014\/03\/Diapositive5.jpg\" alt=\"Diapositive5\" width=\"680\" height=\"322\" srcset=\"http:\/\/www.sustainable-everyday-project.net\/boite-a-outils-visions-21\/files\/2014\/03\/Diapositive5.jpg 1024w, http:\/\/www.sustainable-everyday-project.net\/boite-a-outils-visions-21\/files\/2014\/03\/Diapositive5-300x142.jpg 300w\" sizes=\"auto, (max-width: 680px) 100vw, 680px\" \/><\/p>\n<p>Le collectif de territoires pr\u00e9sents est aussi une bonne occasion pour mettre en \u0153uvre l\u2019outil Autoportrait perceptif des politiques durables locales: chaque territoire donne sa perspective en in de premi\u00e8re journ\u00e9e qui est analys\u00e9e en soir\u00e9e et restitu\u00e9e le lendemain. Une nouveau design de l\u2019outil est test\u00e9 \u00e0 cette occasion bas\u00e9 sur des mini-cartes r\u00e9ponses facilitant la r\u00e9organisation, synth\u00e8se et s\u00e9lection des exemples les plus embl\u00e9matiques directement pr\u00e9sent\u00e9s par une photographie \u00e0 l\u2019\u00e9cran. Bien que sp\u00e9cifique au territoire de Midi-Pyr\u00e9n\u00e9es, , l\u2019image des Agenda 21 qui en \u00e9merge est assez en accord avec l\u2019image issue du m\u00eame outils au niveau national : une d\u00e9marche structurelle touchant toutes les dimensions du d\u00e9veloppement durable; un travail s\u00e9rieux jusqu\u2019\u00e0 \u00eatre parfois un intransigeant; \u00e9manent d\u2019une collectivit\u00e9 mais irriguant tout un territoire en profondeur.<\/p>\n<p><img loading=\"lazy\" decoding=\"async\" class=\"alignnone wp-image-139\" src=\"http:\/\/www.sustainable-everyday-project.net\/boite-a-outils-visions-21\/files\/2014\/03\/Diapositive31.jpg\" alt=\"Diapositive3\" width=\"680\" height=\"322\" srcset=\"http:\/\/www.sustainable-everyday-project.net\/boite-a-outils-visions-21\/files\/2014\/03\/Diapositive31.jpg 1024w, http:\/\/www.sustainable-everyday-project.net\/boite-a-outils-visions-21\/files\/2014\/03\/Diapositive31-300x142.jpg 300w\" sizes=\"auto, (max-width: 680px) 100vw, 680px\" \/><\/p>\n<p>La premi\u00e8re journ\u00e9e se d\u00e9roulait au si\u00e8ge de la DREAL \u00e0 Toulouse et \u00e9tait introduite par un expos\u00e9 g\u00e9n\u00e9ral sur la prospective territoriale plus classique et lourde qui a permis en contraste de mettre en \u00e9vidence les sp\u00e9cificit\u00e9s de l\u2019outil VISIONS+21: participatif, l\u00e9ger, rapide, permettant de mettre en place un processus de co-construction de visions souhaitables entre les parties prenantes en les mettant en d\u00e9bat. Le second jour \u00e9tait accueillis par la ville de St-Orens, la premi\u00e8re \u00e0 avoir souhait\u00e9 piloter la boite \u00e0 outils VISIONS+21 t\u00e9moignant du caract\u00e8re \u2018agile\u2019, \u2019stimulant\u2019 et int\u00e9grateur des parties prenantes de la d\u00e9marche.<\/p>\n<p>&nbsp;<\/p>\n","protected":false},"excerpt":{"rendered":"<p>\u00a0 Le processus de territorialisation VISIONS+21 s\u2019ins\u00e8re dans deux journ\u00e9es organis\u00e9es autour de la prospective par la DREAL Midi-Pyrenn\u00e9e. Au menu une mise en main de la boite \u00e0 outil VISIONS+21 avec plus d\u2019une vingtaine de collectivit\u00e9s locales (pour la plupart porteuses d\u2019Agenda 21 mais aussi pour certaines d\u2019un PCET) sont repr\u00e9sent\u00e9es pour venir exp\u00e9rimenter [&hellip;]<\/p>\n","protected":false},"author":1,"featured_media":139,"comment_status":"closed","ping_status":"open","sticky":false,"template":"","format":"standard","meta":{"footnotes":""},"categories":[3,8],"tags":[],"class_list":["post-15","post","type-post","status-publish","format-standard","has-post-thumbnail","hentry","category-5-experimentations","category-visions21-dans-les-territoires"],"_links":{"self":[{"href":"http:\/\/www.sustainable-everyday-project.net\/boite-a-outils-visions-21\/index.php?rest_route=\/wp\/v2\/posts\/15","targetHints":{"allow":["GET"]}}],"collection":[{"href":"http:\/\/www.sustainable-everyday-project.net\/boite-a-outils-visions-21\/index.php?rest_route=\/wp\/v2\/posts"}],"about":[{"href":"http:\/\/www.sustainable-everyday-project.net\/boite-a-outils-visions-21\/index.php?rest_route=\/wp\/v2\/types\/post"}],"author":[{"embeddable":true,"href":"http:\/\/www.sustainable-everyday-project.net\/boite-a-outils-visions-21\/index.php?rest_route=\/wp\/v2\/users\/1"}],"replies":[{"embeddable":true,"href":"http:\/\/www.sustainable-everyday-project.net\/boite-a-outils-visions-21\/index.php?rest_route=%2Fwp%2Fv2%2Fcomments&post=15"}],"version-history":[{"count":5,"href":"http:\/\/www.sustainable-everyday-project.net\/boite-a-outils-visions-21\/index.php?rest_route=\/wp\/v2\/posts\/15\/revisions"}],"predecessor-version":[{"id":144,"href":"http:\/\/www.sustainable-everyday-project.net\/boite-a-outils-visions-21\/index.php?rest_route=\/wp\/v2\/posts\/15\/revisions\/144"}],"wp:featuredmedia":[{"embeddable":true,"href":"http:\/\/www.sustainable-everyday-project.net\/boite-a-outils-visions-21\/index.php?rest_route=\/wp\/v2\/media\/139"}],"wp:attachment":[{"href":"http:\/\/www.sustainable-everyday-project.net\/boite-a-outils-visions-21\/index.php?rest_route=%2Fwp%2Fv2%2Fmedia&parent=15"}],"wp:term":[{"taxonomy":"category","embeddable":true,"href":"http:\/\/www.sustainable-everyday-project.net\/boite-a-outils-visions-21\/index.php?rest_route=%2Fwp%2Fv2%2Fcategories&post=15"},{"taxonomy":"post_tag","embeddable":true,"href":"http:\/\/www.sustainable-everyday-project.net\/boite-a-outils-visions-21\/index.php?rest_route=%2Fwp%2Fv2%2Ftags&post=15"}],"curies":[{"name":"wp","href":"https:\/\/api.w.org\/{rel}","templated":true}]}}