{"id":19,"date":"2014-03-03T17:22:38","date_gmt":"2014-03-03T17:22:38","guid":{"rendered":"http:\/\/www.sustainable-everyday-project.net\/boite-a-outils-visions-21\/?p=19"},"modified":"2015-07-13T10:02:49","modified_gmt":"2015-07-13T10:02:49","slug":"lorient-agglo","status":"publish","type":"post","link":"http:\/\/www.sustainable-everyday-project.net\/boite-a-outils-visions-21\/?p=19","title":{"rendered":"Lorient Agglo"},"content":{"rendered":"<p><a href=\"http:\/\/www.sustainable-everyday-project.net\/boite-a-outils-visions-21\/files\/2014\/03\/Diapositive1.jpg\"><img loading=\"lazy\" decoding=\"async\" class=\"alignnone wp-image-131\" src=\"http:\/\/www.sustainable-everyday-project.net\/boite-a-outils-visions-21\/files\/2014\/03\/Diapositive1.jpg\" alt=\"Lorient Agglo Agenda 21 de demain\" width=\"679\" height=\"322\" srcset=\"http:\/\/www.sustainable-everyday-project.net\/boite-a-outils-visions-21\/files\/2014\/03\/Diapositive1.jpg 1024w, http:\/\/www.sustainable-everyday-project.net\/boite-a-outils-visions-21\/files\/2014\/03\/Diapositive1-300x142.jpg 300w\" sizes=\"auto, (max-width: 679px) 100vw, 679px\" \/><\/a><br \/>\nLorient Agglom\u00e9ration s\u2019est port\u00e9e volontaire pour piloter elle aussi la bo\u00eete \u00e0 outils VISIONS+21. L\u2019objet n\u2019est pas comme \u00e0 St Orens de contribuer au processus de mise en place de l\u2019Agenda 21 mais de susciter un exercice de co-production de visions en parall\u00e8le du processus d\u2019Agenda 21 en place. Le premier n\u2019est pas sens\u00e9 modifier le second mais plut\u00f4t l\u2019enrichir, le questionner et certainement consolider la participation des acteurs. Acteurs qui \u00e9taient nombreux, une quarantaine et divers repr\u00e9sentant un \u00e9ventail des parties prenantes publiques, priv\u00e9es et associatives du territoire.<\/p>\n<p><a href=\"http:\/\/www.sustainable-everyday-project.net\/boite-a-outils-visions-21\/files\/2014\/03\/Diapositive4.jpg\"><img loading=\"lazy\" decoding=\"async\" class=\"alignnone wp-image-134\" src=\"http:\/\/www.sustainable-everyday-project.net\/boite-a-outils-visions-21\/files\/2014\/03\/Diapositive4.jpg\" alt=\"Lorient Agglo Agenda 21 de demain 2\" width=\"680\" height=\"322\" srcset=\"http:\/\/www.sustainable-everyday-project.net\/boite-a-outils-visions-21\/files\/2014\/03\/Diapositive4.jpg 1024w, http:\/\/www.sustainable-everyday-project.net\/boite-a-outils-visions-21\/files\/2014\/03\/Diapositive4-300x142.jpg 300w\" sizes=\"auto, (max-width: 680px) 100vw, 680px\" \/><\/a><\/p>\n<p>Au programme, ce qui constitue certainement le c\u0153ur de la bo\u00eete \u00e0 outils VISIONS+21 c\u2019est \u00e0 dire:<br \/>\n\u2022 construire une compr\u00e9hension commune entre les participants des perspectives de transformation durable du territoire en g\u00e9n\u00e9ral et des enjeux de l\u2019Agenda 21 en particulier (outil : Contextualisation des territoires en transition dans l\u2019environnement strat\u00e9gique)<br \/>\n\u2022 mettre au d\u00e9fis les id\u00e9es et les solutions actuelles pour les confronter \u00e0 quelques uns des \u2018probl\u00e8mes complexes\u2019 qui se posent aux territoires (outil : Test de robustesse des territoires en transition)<br \/>\n\u2022 enfin co-d\u00e9velopper plusieurs visions possibles du territoire ayant fait face \u00e0 ces \u2018probl\u00e8mes complexes\u2019 (outil : Cr\u00e9ation\/adaptation d&#8217;un sc\u00e9nario de transition \u00e9cologique durable local).<\/p>\n<p><a href=\"http:\/\/www.sustainable-everyday-project.net\/boite-a-outils-visions-21\/files\/2014\/03\/Diapositive2.jpg\"><img loading=\"lazy\" decoding=\"async\" class=\"alignnone wp-image-132\" src=\"http:\/\/www.sustainable-everyday-project.net\/boite-a-outils-visions-21\/files\/2014\/03\/Diapositive2.jpg\" alt=\"Lorient Agglo Agenda 21 de demain 3\" width=\"680\" height=\"322\" srcset=\"http:\/\/www.sustainable-everyday-project.net\/boite-a-outils-visions-21\/files\/2014\/03\/Diapositive2.jpg 1024w, http:\/\/www.sustainable-everyday-project.net\/boite-a-outils-visions-21\/files\/2014\/03\/Diapositive2-300x142.jpg 300w\" sizes=\"auto, (max-width: 680px) 100vw, 680px\" \/><\/a><\/p>\n<p>Quels sont les r\u00e9sultats d\u2019une telle d\u00e9marche puisqu\u2019elle ne visait pas \u00e0 mettre en place un Agenda 21 mais a interroger le processus en place?<br \/>\nQuestionner l\u2019avenir non pas seulement en critiquant au pr\u00e9sent ou en brandissant les spectres \u00e0 venir mais bien en cherchant des solutions, des visions inspirantes, en pr\u00e9supposant que le territoire dont il est question s\u2019en sortira mieux qu\u2019ailleurs et en se demandant pourquoi permet \u2013 ou oblige ? \u2013 les acteurs \u00e0 poser des jalons, des hypoth\u00e8ses ou des doutes sur le mode interrogatif:<br \/>\n\u201c\u2026et si la densification conduisait \u00e0 plus de socialisation par proximit\u00e9\u2026\u201d ;<br \/>\n\u201c\u2026et si l\u2019on n\u2019avait pas assez consacr\u00e9 de foncier \u00e0 l\u2019agriculture durable de proximit\u00e9\u2026\u201d;<br \/>\n\u201c\u2026et si la diffusion du transport urbain multimodal \u00e9tait une affaire citoyenne\u2026.\u201d;<br \/>\n\u201c\u2026et si une coop\u00e9rative de financement citoyen public-priv\u00e9e permettait d\u2019impliquer dans la r\u00e9g\u00e9n\u00e9ration du tissus social\u2026\u201d;<br \/>\n\u201c\u2026et si l\u2019alimentation durable devenait une v\u00e9ritable comp\u00e9tence de la municipalit\u00e9 et suscitait la mise en place d\u2019une Direction Municipale de l\u2019Agriculture\u2026\u201d;<br \/>\n\u201c\u2026 et si la cr\u00e9ation d\u2019un laboratoire de recherche en innovation sociale par et pour les besoins de l\u2019Agglom\u00e9ration\u2026\u201d;<br \/>\n\u201c\u2026et si la g\u00e9n\u00e9ralisation des conseils citoyens dans la communes\u2026\u201d;<br \/>\n\u201c\u2026et si\u2026\u201d<\/p>\n<p>Ensuite, ces hypoth\u00e8ses nouvelles sont discut\u00e9es collectivement: les faux probl\u00e8mes ou fausses bonnes id\u00e9es se retrouvent assez vites de cot\u00e9. Il reste une collection de plausibles \u00e0 la fois d\u00e9sirables et possibles qui ont comme principale vertus de constituer un avenir partag\u00e9 et tangible, plus actionnable parce qu\u2019incarn\u00e9.<\/p>\n<p><a href=\"http:\/\/www.sustainable-everyday-project.net\/boite-a-outils-visions-21\/files\/2014\/03\/Diapositive3.jpg\"><img loading=\"lazy\" decoding=\"async\" class=\"alignnone wp-image-133\" src=\"http:\/\/www.sustainable-everyday-project.net\/boite-a-outils-visions-21\/files\/2014\/03\/Diapositive3.jpg\" alt=\"Lorient Agglo Agenda 21 de demain\" width=\"680\" height=\"322\" srcset=\"http:\/\/www.sustainable-everyday-project.net\/boite-a-outils-visions-21\/files\/2014\/03\/Diapositive3.jpg 1024w, http:\/\/www.sustainable-everyday-project.net\/boite-a-outils-visions-21\/files\/2014\/03\/Diapositive3-300x142.jpg 300w\" sizes=\"auto, (max-width: 680px) 100vw, 680px\" \/><\/a><\/p>\n","protected":false},"excerpt":{"rendered":"<p>Lorient Agglom\u00e9ration s\u2019est port\u00e9e volontaire pour piloter elle aussi la bo\u00eete \u00e0 outils VISIONS+21. L\u2019objet n\u2019est pas comme \u00e0 St Orens de contribuer au processus de mise en place de l\u2019Agenda 21 mais de susciter un exercice de co-production de visions en parall\u00e8le du processus d\u2019Agenda 21 en place. Le premier n\u2019est pas sens\u00e9 modifier [&hellip;]<\/p>\n","protected":false},"author":1,"featured_media":134,"comment_status":"closed","ping_status":"open","sticky":false,"template":"","format":"standard","meta":{"footnotes":""},"categories":[3,8],"tags":[],"class_list":["post-19","post","type-post","status-publish","format-standard","has-post-thumbnail","hentry","category-5-experimentations","category-visions21-dans-les-territoires"],"_links":{"self":[{"href":"http:\/\/www.sustainable-everyday-project.net\/boite-a-outils-visions-21\/index.php?rest_route=\/wp\/v2\/posts\/19","targetHints":{"allow":["GET"]}}],"collection":[{"href":"http:\/\/www.sustainable-everyday-project.net\/boite-a-outils-visions-21\/index.php?rest_route=\/wp\/v2\/posts"}],"about":[{"href":"http:\/\/www.sustainable-everyday-project.net\/boite-a-outils-visions-21\/index.php?rest_route=\/wp\/v2\/types\/post"}],"author":[{"embeddable":true,"href":"http:\/\/www.sustainable-everyday-project.net\/boite-a-outils-visions-21\/index.php?rest_route=\/wp\/v2\/users\/1"}],"replies":[{"embeddable":true,"href":"http:\/\/www.sustainable-everyday-project.net\/boite-a-outils-visions-21\/index.php?rest_route=%2Fwp%2Fv2%2Fcomments&post=19"}],"version-history":[{"count":3,"href":"http:\/\/www.sustainable-everyday-project.net\/boite-a-outils-visions-21\/index.php?rest_route=\/wp\/v2\/posts\/19\/revisions"}],"predecessor-version":[{"id":136,"href":"http:\/\/www.sustainable-everyday-project.net\/boite-a-outils-visions-21\/index.php?rest_route=\/wp\/v2\/posts\/19\/revisions\/136"}],"wp:featuredmedia":[{"embeddable":true,"href":"http:\/\/www.sustainable-everyday-project.net\/boite-a-outils-visions-21\/index.php?rest_route=\/wp\/v2\/media\/134"}],"wp:attachment":[{"href":"http:\/\/www.sustainable-everyday-project.net\/boite-a-outils-visions-21\/index.php?rest_route=%2Fwp%2Fv2%2Fmedia&parent=19"}],"wp:term":[{"taxonomy":"category","embeddable":true,"href":"http:\/\/www.sustainable-everyday-project.net\/boite-a-outils-visions-21\/index.php?rest_route=%2Fwp%2Fv2%2Fcategories&post=19"},{"taxonomy":"post_tag","embeddable":true,"href":"http:\/\/www.sustainable-everyday-project.net\/boite-a-outils-visions-21\/index.php?rest_route=%2Fwp%2Fv2%2Ftags&post=19"}],"curies":[{"name":"wp","href":"https:\/\/api.w.org\/{rel}","templated":true}]}}