{"id":333,"date":"2015-06-02T16:16:26","date_gmt":"2015-06-02T14:16:26","guid":{"rendered":"http:\/\/www.sustainable-everyday-project.net\/monlyceedutroisiememillenaire\/?p=333"},"modified":"2015-09-25T11:31:19","modified_gmt":"2015-09-25T09:31:19","slug":"auto-reportages-lycee-horticole-de-raismes","status":"publish","type":"post","link":"http:\/\/www.sustainable-everyday-project.net\/monlyceedutroisiememillenaire\/?p=333","title":{"rendered":"Auto-reportages &#8211; Lyc\u00e9e Horticole de Raismes"},"content":{"rendered":"<p>AUTO-REPORTAGES EN COURS DE R\u00c9ALISATION\u00a0PAR LE LYC\u00c9E DE RAISMES<\/p>\n<p><iframe loading=\"lazy\" title=\"Lyc\u00e9e Horticole de Raismes - Construction d&#039;une serre bioclimatique\" src=\"https:\/\/player.vimeo.com\/video\/129547985?dnt=1&amp;app_id=122963\" width=\"500\" height=\"281\" frameborder=\"0\" allow=\"autoplay; fullscreen; picture-in-picture; clipboard-write; encrypted-media; web-share\" referrerpolicy=\"strict-origin-when-cross-origin\"><\/iframe><\/p>\n<p><iframe loading=\"lazy\" title=\"Lyc\u00e9e Horticole de Raismes - Plus belle la vermi 1\" src=\"https:\/\/player.vimeo.com\/video\/132821034?dnt=1&amp;app_id=122963\" width=\"500\" height=\"281\" frameborder=\"0\" allow=\"autoplay; fullscreen; picture-in-picture; clipboard-write; encrypted-media; web-share\" referrerpolicy=\"strict-origin-when-cross-origin\"><\/iframe><\/p>\n<p><iframe loading=\"lazy\" title=\"Lyc\u00e9e Horticole de Raismes - Plus belle la vermi 2\" src=\"https:\/\/player.vimeo.com\/video\/132821069?dnt=1&amp;app_id=122963\" width=\"500\" height=\"281\" frameborder=\"0\" allow=\"autoplay; fullscreen; picture-in-picture; clipboard-write; encrypted-media; web-share\" referrerpolicy=\"strict-origin-when-cross-origin\"><\/iframe><\/p>\n<p><strong>CR\u00c9DITS<\/strong><\/p>\n<p>R\u00e9alisation :\u00a0Lyc\u00e9e Horticole de Raismes.<\/p>\n<p>Remerciements \u00e0 l\u2019\u00e9quipe p\u00e9dagogique et aux lyc\u00e9ens du lyc\u00e9e de Raismes pour leur active participation \u00e0 ce projet collectif.<\/p>\n","protected":false},"excerpt":{"rendered":"<p>AUTO-REPORTAGES EN COURS DE R\u00c9ALISATION\u00a0PAR LE LYC\u00c9E DE RAISMES CR\u00c9DITS R\u00e9alisation :\u00a0Lyc\u00e9e Horticole de Raismes. Remerciements \u00e0 l\u2019\u00e9quipe p\u00e9dagogique et aux lyc\u00e9ens du lyc\u00e9e de Raismes pour leur active participation \u00e0 ce projet collectif.<\/p>\n","protected":false},"author":1,"featured_media":0,"comment_status":"open","ping_status":"open","sticky":false,"template":"","format":"standard","meta":{"footnotes":""},"categories":[9,8],"tags":[],"class_list":["post-333","post","type-post","status-publish","format-standard","hentry","category-auto-reportages","category-blog"],"_links":{"self":[{"href":"http:\/\/www.sustainable-everyday-project.net\/monlyceedutroisiememillenaire\/index.php?rest_route=\/wp\/v2\/posts\/333","targetHints":{"allow":["GET"]}}],"collection":[{"href":"http:\/\/www.sustainable-everyday-project.net\/monlyceedutroisiememillenaire\/index.php?rest_route=\/wp\/v2\/posts"}],"about":[{"href":"http:\/\/www.sustainable-everyday-project.net\/monlyceedutroisiememillenaire\/index.php?rest_route=\/wp\/v2\/types\/post"}],"author":[{"embeddable":true,"href":"http:\/\/www.sustainable-everyday-project.net\/monlyceedutroisiememillenaire\/index.php?rest_route=\/wp\/v2\/users\/1"}],"replies":[{"embeddable":true,"href":"http:\/\/www.sustainable-everyday-project.net\/monlyceedutroisiememillenaire\/index.php?rest_route=%2Fwp%2Fv2%2Fcomments&post=333"}],"version-history":[{"count":11,"href":"http:\/\/www.sustainable-everyday-project.net\/monlyceedutroisiememillenaire\/index.php?rest_route=\/wp\/v2\/posts\/333\/revisions"}],"predecessor-version":[{"id":401,"href":"http:\/\/www.sustainable-everyday-project.net\/monlyceedutroisiememillenaire\/index.php?rest_route=\/wp\/v2\/posts\/333\/revisions\/401"}],"wp:attachment":[{"href":"http:\/\/www.sustainable-everyday-project.net\/monlyceedutroisiememillenaire\/index.php?rest_route=%2Fwp%2Fv2%2Fmedia&parent=333"}],"wp:term":[{"taxonomy":"category","embeddable":true,"href":"http:\/\/www.sustainable-everyday-project.net\/monlyceedutroisiememillenaire\/index.php?rest_route=%2Fwp%2Fv2%2Fcategories&post=333"},{"taxonomy":"post_tag","embeddable":true,"href":"http:\/\/www.sustainable-everyday-project.net\/monlyceedutroisiememillenaire\/index.php?rest_route=%2Fwp%2Fv2%2Ftags&post=333"}],"curies":[{"name":"wp","href":"https:\/\/api.w.org\/{rel}","templated":true}]}}