{"id":382,"date":"2011-02-25T14:20:04","date_gmt":"2011-02-25T14:20:04","guid":{"rendered":"http:\/\/www.sustainable-everyday.net\/saintgilles\/?p=382"},"modified":"2014-03-04T10:38:26","modified_gmt":"2014-03-04T10:38:26","slug":"rencontre-avec-le-service-des-espaces-verts","status":"publish","type":"post","link":"http:\/\/www.sustainable-everyday-project.net\/saintgilles\/?p=382","title":{"rendered":"Rencontre avec le service des Espaces Verts"},"content":{"rendered":"<p>&nbsp;<\/p>\n<p><img loading=\"lazy\" decoding=\"async\" class=\"alignnone size-full wp-image-526\" title=\"service-EVerst-blog\" src=\"http:\/\/www.sustainable-everyday-project.net\/saintgilles\/files\/2011\/02\/service-EVerst-blog1-e1362743946751.jpg\" alt=\"\" width=\"680\" height=\"270\" \/><\/p>\n<p>Cette semaine nous rencontrons les responsables du service Espaces Verts de la commune de Saint-Gilles pour leur soumettre le projet &#8220;Adopter un arbre&#8221; et recueillir leur exp\u00e9rience de projets d\u00e9j\u00e0 men\u00e9 avec les habitants.<\/p>\n<p><!--more--><\/p>\n<p>Apr\u00e8s une courte description du projet, Adel Benhafid et Robert Moreels nous expliquent que la question les concerne aussi car le d\u00e9p\u00f4t de d\u00e9chet au pied des arbres semble nuire au bon d\u00e9veloppement de l&#8217;arbre. Ils ont d\u00e9j\u00e0 dessin\u00e9 quelques projets et &#8220;test\u00e9&#8221; dans quelques rues le d\u00e9veloppement de diff\u00e9rentes esp\u00e8ces, plus ou moins r\u00e9sistantes, plus ou moins envahissantes, les tapis pr\u00e9-sem\u00e9s etc.<\/p>\n<p><img loading=\"lazy\" decoding=\"async\" class=\"alignnone size-full wp-image-527\" title=\"pied-daerbre-pyramide\" src=\"http:\/\/www.sustainable-everyday-project.net\/saintgilles\/files\/2011\/02\/pied-daerbre-pyramide-e1362744083137.jpg\" alt=\"\" width=\"680\" height=\"250\" \/><\/p>\n<p>&nbsp;<\/p>\n<p>Concernant les projets port\u00e9s par les habitants, ils d\u00e9clarent: &#8220;On est ouvert \u00e0 toutes les demandes mais c&#8217;est vrai que quand elles arrivent au compte goutte c&#8217;est compliqu\u00e9, il faudrait pouvoir recenser toutes les demandes, les organiser, les canaliser\u2026&#8221;. Certaines rues ont d\u00e9j\u00e0 pu mener des petits projets \u00e0 caract\u00e8re exp\u00e9rimental que le service des Espaces Verts a soutenu, mais &#8220;si on suppose que plusieurs rues veuillent mettre en place ce genre de projet, il faudra faire beaucoup d&#8217;organisation \u00e0 l&#8217;avance!&#8221;<\/p>\n<p>Il y a beaucoup de collaborations possibles, le service des espaces verts a d\u00e9j\u00e0 pr\u00eat\u00e9 des outils, est intervenu quelques fois pour la taille de certaines plantes, ou pour travailler la terre avant la plantation de fleurs par les habitants, mais chacune de ces interventions on \u00e9t\u00e9 consid\u00e9r\u00e9e comme des &#8220;travaux exceptionnels&#8221;? S&#8217;ils venaient \u00e0 se d\u00e9velopper, les services des Espaces Verts ne pourrait pas assurer autant de leur implication.<\/p>\n<p>Envisager le d\u00e9veloppement de projets verts entrepris par les habitants semble n\u00e9cessiter la concertation et l&#8217;organisation des porteurs de projets entre eux. &#8220;il faut \u00eatre s\u00fbr qu&#8217;il y a un suivi de la part des habitants\u2026&#8221;<\/p>\n<p>Au service des espaces verts, les budgets sont r\u00e9partis sur une p\u00e9riode donn\u00e9e et les demandes ne peuvent pas \u00eatre satisfaites si elles arrivent apr\u00e8s la date de commande, mais il existe diff\u00e9rentes structures pour obtenir quelques subsides ext\u00e9rieurs.<\/p>\n<p>Le pr\u00eat de mat\u00e9riel ne peut pas se faire au d\u00e9pend des travailleurs durant la semaine, mais il est envisageable de mettre a disposition certaines outils en weekend avec la pr\u00e9sence d&#8217;un responsable.<\/p>\n<p>De m\u00eame certaines plantes ne n\u00e9cessitent pas autant d&#8217;interventions que des fleurs annuelles par exemple les vivaces sont a tailler une fois par an seulement, un bouquet de lavande fleurit d&#8217;une ann\u00e9e sur l&#8217;autre\u2026<\/p>\n<p>Tous ces crit\u00e8res sont donc \u00e0 prendre en compte pour d\u00e9velopper le projet &#8216;Adopter un arbre&#8217; dans de nouvelles rues de Saint-Gilles!<\/p>\n","protected":false},"excerpt":{"rendered":"<p>&nbsp; Cette semaine nous rencontrons les responsables du service Espaces Verts de la commune de Saint-Gilles pour leur soumettre le projet &#8220;Adopter un arbre&#8221; et recueillir leur exp\u00e9rience de projets d\u00e9j\u00e0 men\u00e9 avec les habitants.<\/p>\n","protected":false},"author":1,"featured_media":526,"comment_status":"closed","ping_status":"closed","sticky":false,"template":"","format":"standard","meta":{"footnotes":""},"categories":[3,5,6],"tags":[],"class_list":["post-382","post","type-post","status-publish","format-standard","has-post-thumbnail","hentry","category-verdurisation","category-news","category-slider"],"_links":{"self":[{"href":"http:\/\/www.sustainable-everyday-project.net\/saintgilles\/index.php?rest_route=\/wp\/v2\/posts\/382","targetHints":{"allow":["GET"]}}],"collection":[{"href":"http:\/\/www.sustainable-everyday-project.net\/saintgilles\/index.php?rest_route=\/wp\/v2\/posts"}],"about":[{"href":"http:\/\/www.sustainable-everyday-project.net\/saintgilles\/index.php?rest_route=\/wp\/v2\/types\/post"}],"author":[{"embeddable":true,"href":"http:\/\/www.sustainable-everyday-project.net\/saintgilles\/index.php?rest_route=\/wp\/v2\/users\/1"}],"replies":[{"embeddable":true,"href":"http:\/\/www.sustainable-everyday-project.net\/saintgilles\/index.php?rest_route=%2Fwp%2Fv2%2Fcomments&post=382"}],"version-history":[{"count":5,"href":"http:\/\/www.sustainable-everyday-project.net\/saintgilles\/index.php?rest_route=\/wp\/v2\/posts\/382\/revisions"}],"predecessor-version":[{"id":665,"href":"http:\/\/www.sustainable-everyday-project.net\/saintgilles\/index.php?rest_route=\/wp\/v2\/posts\/382\/revisions\/665"}],"wp:featuredmedia":[{"embeddable":true,"href":"http:\/\/www.sustainable-everyday-project.net\/saintgilles\/index.php?rest_route=\/wp\/v2\/media\/526"}],"wp:attachment":[{"href":"http:\/\/www.sustainable-everyday-project.net\/saintgilles\/index.php?rest_route=%2Fwp%2Fv2%2Fmedia&parent=382"}],"wp:term":[{"taxonomy":"category","embeddable":true,"href":"http:\/\/www.sustainable-everyday-project.net\/saintgilles\/index.php?rest_route=%2Fwp%2Fv2%2Fcategories&post=382"},{"taxonomy":"post_tag","embeddable":true,"href":"http:\/\/www.sustainable-everyday-project.net\/saintgilles\/index.php?rest_route=%2Fwp%2Fv2%2Ftags&post=382"}],"curies":[{"name":"wp","href":"https:\/\/api.w.org\/{rel}","templated":true}]}}