{"id":10,"date":"2019-11-22T15:05:38","date_gmt":"2019-11-22T15:05:38","guid":{"rendered":"http:\/\/www.sustainable-everyday-project.net\/ville-collaborative\/?p=10"},"modified":"2020-11-02T15:41:14","modified_gmt":"2020-11-02T15:41:14","slug":"la-chaufferie","status":"publish","type":"post","link":"http:\/\/www.sustainable-everyday-project.net\/ville-collaborative\/2019\/11\/22\/la-chaufferie\/","title":{"rendered":"Commencer avant l\u2019ouverture !"},"content":{"rendered":"\n<div class=\"wp-block-button\"><a class=\"wp-block-button__link has-background has-luminous-vivid-orange-background-color\" href=\"http:\/\/www.sustainable-everyday-project.net\/ville-collaborative\/2020\/11\/02\/starting-before-opening\/\">EN<\/a><\/div>\n\n\n\n<div style=\"height:50px\" aria-hidden=\"true\" class=\"wp-block-spacer\"><\/div>\n\n\n\n<h6 class=\"has-cyan-bluish-gray-color has-text-color has-text-align-center wp-block-heading\">POC La Chaufferie Huet<\/h6>\n\n\n\n<h2 class=\"has-text-align-center wp-block-heading\"><strong>Commencer avant l\u2019ouverture&nbsp;!<\/strong><\/h2>\n\n\n\n<figure class=\"wp-block-pullquote\"><blockquote><p><em>\u00ab&nbsp;La salle de la Chaufferie Huet, oui, je connais bien&nbsp;!&nbsp;\u00bb<\/em> Mais comment est-ce possible que les gens connaissent la future salle de spectacle de La Madeleine d\u00e9j\u00e0 bien avant que les travaux de r\u00e9novation ne soient commenc\u00e9s&nbsp;?&nbsp;<\/p><\/blockquote><\/figure>\n\n\n\n<figure class=\"wp-block-gallery columns-1 is-cropped wp-block-gallery-1 is-layout-flex wp-block-gallery-is-layout-flex\"><ul class=\"blocks-gallery-grid\"><li class=\"blocks-gallery-item\"><figure><img loading=\"lazy\" decoding=\"async\" width=\"1024\" height=\"768\" src=\"http:\/\/www.sustainable-everyday-project.net\/ville-collaborative\/files\/2020\/09\/Ballons-1024x768.jpg\" alt=\"\" data-id=\"4470\" data-full-url=\"http:\/\/www.sustainable-everyday-project.net\/ville-collaborative\/files\/2020\/09\/Ballons.jpg\" data-link=\"http:\/\/www.sustainable-everyday-project.net\/ville-collaborative\/?attachment_id=4470\" class=\"wp-image-4470\" srcset=\"http:\/\/www.sustainable-everyday-project.net\/ville-collaborative\/files\/2020\/09\/Ballons-1024x768.jpg 1024w, http:\/\/www.sustainable-everyday-project.net\/ville-collaborative\/files\/2020\/09\/Ballons-300x225.jpg 300w, http:\/\/www.sustainable-everyday-project.net\/ville-collaborative\/files\/2020\/09\/Ballons-768x576.jpg 768w, http:\/\/www.sustainable-everyday-project.net\/ville-collaborative\/files\/2020\/09\/Ballons-1536x1152.jpg 1536w, http:\/\/www.sustainable-everyday-project.net\/ville-collaborative\/files\/2020\/09\/Ballons-285x214.jpg 285w, http:\/\/www.sustainable-everyday-project.net\/ville-collaborative\/files\/2020\/09\/Ballons.jpg 1830w\" sizes=\"auto, (max-width: 1024px) 100vw, 1024px\" \/><\/figure><\/li><\/ul><\/figure>\n\n\n\n<div style=\"height:50px\" aria-hidden=\"true\" class=\"wp-block-spacer\"><\/div>\n\n\n\n<h3 class=\"wp-block-heading\"><strong>Spectacle temporaire<\/strong><\/h3>\n\n\n\n<p>On doit certainement ce succ\u00e8s au dynamisme de l\u2019association locale Berkem Label qui, en collaboration avec la ville de La Madeleine, a commenc\u00e9 \u00e0 faire des spectacles bien avant que la salle ne soit disponible pour les accueillir&nbsp;:&nbsp;<em>Fa\u00e7ad\u2019Art<\/em>dans le cadre du festival d\u2019art en rue&nbsp;<em>Les Fen\u00eatres qui parlent<\/em>&nbsp;;&nbsp;<em>Les Beffrois du travail<\/em>pour prendre conscience du patrimoine commun&nbsp;; l\u2019<em>Imagier de Berkem (dont l\u2019ancienne usine Huet)<\/em>\u00e0 partir de la collecte des m\u00e9moires d\u2019habitants&nbsp;;&nbsp;<em>Fantastik , la Ducasse de Berkem<\/em>pour Lille3000&nbsp;;<em>L\u2019<\/em><em>Atome@Berkem<\/em>, op\u00e9ration de plantations potag\u00e8res sur le site \u00e0 l\u2019occasion des&nbsp;journ\u00e9es du patrimoine&nbsp;;<em>Lille3000 Renaissance<\/em>en bords de De\u00fble&#8230;<\/p>\n\n\n\n<p>Le design foisonnant des actions de Berkem Label est embl\u00e9matique de la strat\u00e9gie d\u2019occupation temporaire qui \u00ab&nbsp;commence avant l\u2019ouverture&nbsp;\u00bb et vise \u00e0 installer les usages bien avant les \u00e9quipements&#8230;&nbsp;<\/p>\n\n\n\n<div style=\"height:25px\" aria-hidden=\"true\" class=\"wp-block-spacer\"><\/div>\n\n\n\n<h3 class=\"wp-block-heading\"><strong>Sauvetage&nbsp;<\/strong><\/h3>\n\n\n\n<p>Mais la partie la plus remarquable de ce processus de co-design entre dynamique citoyenne et action publique locale commence encore avant le projet de faire une salle de spectacle&nbsp;!<\/p>\n\n\n\n<p>En 2004 la chaufferie et la chemin\u00e9e sont menac\u00e9es de d\u00e9molition. Berkem Label part en croisade pour sauver la friche industrielle et d\u00e9pose un recours pour la pr\u00e9server et la m\u00eame ann\u00e9e l\u2019ensemble est inscrit \u00e0 l\u2019inventaire du patrimoine architectural et paysager de la ville. Ce succ\u00e8s est le fruit d\u2019un long travail de sensibilisation au patrimoine historique industriel de La Madeleine&nbsp;:&nbsp;rallyes, diaporamas, visites guid\u00e9es pour sensibiliser les visiteurs et les habitants,&nbsp;ateliers dans les caf\u00e9s du quartier, avec les anciens salari\u00e9s des tissages, \u00e0 l\u2019\u00e9cole Courbet, au coll\u00e8ge Flandre&#8230;&nbsp;<\/p>\n\n\n\n<p>Remarquable design de l\u2019action citoyenne men\u00e9 par l\u2019association depuis sa cr\u00e9ation en 1988, l\u2019ann\u00e9e de la fermeture des \u00c9tablissements Huet !<\/p>\n\n\n\n<div style=\"height:50px\" aria-hidden=\"true\" class=\"wp-block-spacer\"><\/div>\n\n\n\n<figure class=\"wp-block-gallery columns-1 is-cropped wp-block-gallery-2 is-layout-flex wp-block-gallery-is-layout-flex\"><ul class=\"blocks-gallery-grid\"><li class=\"blocks-gallery-item\"><figure><img loading=\"lazy\" decoding=\"async\" width=\"1024\" height=\"576\" src=\"http:\/\/www.sustainable-everyday-project.net\/ville-collaborative\/files\/2020\/09\/DSCF2887-1024x576.jpg\" alt=\"\" data-id=\"4476\" data-link=\"http:\/\/www.sustainable-everyday-project.net\/ville-collaborative\/?attachment_id=4476\" class=\"wp-image-4476\" srcset=\"http:\/\/www.sustainable-everyday-project.net\/ville-collaborative\/files\/2020\/09\/DSCF2887-1024x576.jpg 1024w, http:\/\/www.sustainable-everyday-project.net\/ville-collaborative\/files\/2020\/09\/DSCF2887-300x169.jpg 300w, http:\/\/www.sustainable-everyday-project.net\/ville-collaborative\/files\/2020\/09\/DSCF2887-768x432.jpg 768w, http:\/\/www.sustainable-everyday-project.net\/ville-collaborative\/files\/2020\/09\/DSCF2887-1536x864.jpg 1536w, http:\/\/www.sustainable-everyday-project.net\/ville-collaborative\/files\/2020\/09\/DSCF2887-2048x1152.jpg 2048w\" sizes=\"auto, (max-width: 1024px) 100vw, 1024px\" \/><\/figure><\/li><li class=\"blocks-gallery-item\"><figure><img loading=\"lazy\" decoding=\"async\" width=\"1024\" height=\"768\" src=\"http:\/\/www.sustainable-everyday-project.net\/ville-collaborative\/files\/2020\/09\/DSCN1494-1024x768.jpg\" alt=\"\" data-id=\"4478\" data-link=\"http:\/\/www.sustainable-everyday-project.net\/ville-collaborative\/?attachment_id=4478\" class=\"wp-image-4478\" srcset=\"http:\/\/www.sustainable-everyday-project.net\/ville-collaborative\/files\/2020\/09\/DSCN1494-1024x768.jpg 1024w, http:\/\/www.sustainable-everyday-project.net\/ville-collaborative\/files\/2020\/09\/DSCN1494-300x225.jpg 300w, http:\/\/www.sustainable-everyday-project.net\/ville-collaborative\/files\/2020\/09\/DSCN1494-768x576.jpg 768w, http:\/\/www.sustainable-everyday-project.net\/ville-collaborative\/files\/2020\/09\/DSCN1494-1536x1152.jpg 1536w, http:\/\/www.sustainable-everyday-project.net\/ville-collaborative\/files\/2020\/09\/DSCN1494-2048x1536.jpg 2048w, http:\/\/www.sustainable-everyday-project.net\/ville-collaborative\/files\/2020\/09\/DSCN1494-285x214.jpg 285w\" sizes=\"auto, (max-width: 1024px) 100vw, 1024px\" \/><\/figure><\/li><li class=\"blocks-gallery-item\"><figure><img loading=\"lazy\" decoding=\"async\" width=\"1024\" height=\"768\" src=\"http:\/\/www.sustainable-everyday-project.net\/ville-collaborative\/files\/2020\/09\/P1190439-1-1024x768.jpg\" alt=\"\" data-id=\"4479\" data-link=\"http:\/\/www.sustainable-everyday-project.net\/ville-collaborative\/?attachment_id=4479\" class=\"wp-image-4479\" srcset=\"http:\/\/www.sustainable-everyday-project.net\/ville-collaborative\/files\/2020\/09\/P1190439-1-1024x768.jpg 1024w, http:\/\/www.sustainable-everyday-project.net\/ville-collaborative\/files\/2020\/09\/P1190439-1-300x225.jpg 300w, http:\/\/www.sustainable-everyday-project.net\/ville-collaborative\/files\/2020\/09\/P1190439-1-768x576.jpg 768w, http:\/\/www.sustainable-everyday-project.net\/ville-collaborative\/files\/2020\/09\/P1190439-1-1536x1152.jpg 1536w, http:\/\/www.sustainable-everyday-project.net\/ville-collaborative\/files\/2020\/09\/P1190439-1-2048x1536.jpg 2048w, http:\/\/www.sustainable-everyday-project.net\/ville-collaborative\/files\/2020\/09\/P1190439-1-285x214.jpg 285w\" sizes=\"auto, (max-width: 1024px) 100vw, 1024px\" \/><\/figure><\/li><li class=\"blocks-gallery-item\"><figure><img loading=\"lazy\" decoding=\"async\" width=\"1024\" height=\"683\" src=\"http:\/\/www.sustainable-everyday-project.net\/ville-collaborative\/files\/2020\/09\/IMG_9220.jpg\" alt=\"\" data-id=\"4480\" data-full-url=\"http:\/\/www.sustainable-everyday-project.net\/ville-collaborative\/files\/2020\/09\/IMG_9220.jpg\" data-link=\"http:\/\/www.sustainable-everyday-project.net\/ville-collaborative\/?attachment_id=4480\" class=\"wp-image-4480\" srcset=\"http:\/\/www.sustainable-everyday-project.net\/ville-collaborative\/files\/2020\/09\/IMG_9220.jpg 1024w, http:\/\/www.sustainable-everyday-project.net\/ville-collaborative\/files\/2020\/09\/IMG_9220-300x200.jpg 300w, http:\/\/www.sustainable-everyday-project.net\/ville-collaborative\/files\/2020\/09\/IMG_9220-768x512.jpg 768w, http:\/\/www.sustainable-everyday-project.net\/ville-collaborative\/files\/2020\/09\/IMG_9220-750x500.jpg 750w\" sizes=\"auto, (max-width: 1024px) 100vw, 1024px\" \/><\/figure><\/li><\/ul><\/figure>\n\n\n\n<div style=\"height:50px\" aria-hidden=\"true\" class=\"wp-block-spacer\"><\/div>\n\n\n\n<ul class=\"wp-block-list\"><li>Porteurs de projet\/Project holders :Nathalie Moniot<strong>,<\/strong>H\u00e9l\u00e8ne Moreau(Ville de la Madeleine)<\/li><li>Designers\u00a0:ChristopheFran\u00e7ois<\/li><li>Acteurs\/Stakeholders :\u00a0Architecture NTK\u00a0: Nathalie Tkint<strong>,<\/strong>Harmonie municipale<strong>,<\/strong>Centre de Culture et d\u2019Animation \u00able Mill\u00e9naire\u00bb<strong>,<\/strong>Association Berkem Label<strong>,<\/strong>DRAC<\/li><li>Cr\u00e9dits photo \/ photo credits: Association Berkem Label<\/li><\/ul>\n","protected":false},"excerpt":{"rendered":"<p>POC La Chaufferie Huet Commencer avant l\u2019ouverture&nbsp;! \u00ab&nbsp;La salle de la Chaufferie Huet, oui, je connais bien&nbsp;!&nbsp;\u00bb Mais comment est-ce possible que les gens connaissent la future salle de spectacle de La Madeleine d\u00e9j\u00e0 bien avant que les travaux de r\u00e9novation ne soient commenc\u00e9s&nbsp;?&nbsp; Spectacle temporaire On doit certainement ce succ\u00e8s au dynamisme de l\u2019association <a href=\"http:\/\/www.sustainable-everyday-project.net\/ville-collaborative\/2019\/11\/22\/la-chaufferie\/\" rel=\"nofollow\"><span class=\"sr-only\">Read more about Commencer avant l\u2019ouverture !<\/span>[&hellip;]<\/a><\/p>\n","protected":false},"author":1,"featured_media":11,"comment_status":"closed","ping_status":"closed","sticky":false,"template":"","format":"quote","meta":{"footnotes":""},"categories":[176,83,212],"tags":[],"class_list":["post-10","post","type-post","status-publish","format-quote","has-post-thumbnail","hentry","category-fabriquer-la-ville-autrement","category-produire-la-resilience-en-commun","category-tous-les-poc-du-territoire","post_format-post-format-quote"],"_links":{"self":[{"href":"http:\/\/www.sustainable-everyday-project.net\/ville-collaborative\/wp-json\/wp\/v2\/posts\/10","targetHints":{"allow":["GET"]}}],"collection":[{"href":"http:\/\/www.sustainable-everyday-project.net\/ville-collaborative\/wp-json\/wp\/v2\/posts"}],"about":[{"href":"http:\/\/www.sustainable-everyday-project.net\/ville-collaborative\/wp-json\/wp\/v2\/types\/post"}],"author":[{"embeddable":true,"href":"http:\/\/www.sustainable-everyday-project.net\/ville-collaborative\/wp-json\/wp\/v2\/users\/1"}],"replies":[{"embeddable":true,"href":"http:\/\/www.sustainable-everyday-project.net\/ville-collaborative\/wp-json\/wp\/v2\/comments?post=10"}],"version-history":[{"count":7,"href":"http:\/\/www.sustainable-everyday-project.net\/ville-collaborative\/wp-json\/wp\/v2\/posts\/10\/revisions"}],"predecessor-version":[{"id":4855,"href":"http:\/\/www.sustainable-everyday-project.net\/ville-collaborative\/wp-json\/wp\/v2\/posts\/10\/revisions\/4855"}],"wp:featuredmedia":[{"embeddable":true,"href":"http:\/\/www.sustainable-everyday-project.net\/ville-collaborative\/wp-json\/wp\/v2\/media\/11"}],"wp:attachment":[{"href":"http:\/\/www.sustainable-everyday-project.net\/ville-collaborative\/wp-json\/wp\/v2\/media?parent=10"}],"wp:term":[{"taxonomy":"category","embeddable":true,"href":"http:\/\/www.sustainable-everyday-project.net\/ville-collaborative\/wp-json\/wp\/v2\/categories?post=10"},{"taxonomy":"post_tag","embeddable":true,"href":"http:\/\/www.sustainable-everyday-project.net\/ville-collaborative\/wp-json\/wp\/v2\/tags?post=10"}],"curies":[{"name":"wp","href":"https:\/\/api.w.org\/{rel}","templated":true}]}}