{"id":19,"date":"2011-10-12T17:14:28","date_gmt":"2011-10-12T15:14:28","guid":{"rendered":"http:\/\/www.sustainable-everyday.net\/agenda21molenbeek\/?p=19"},"modified":"2011-10-12T17:14:28","modified_gmt":"2011-10-12T15:14:28","slug":"une-participation-plurielle-et-multiple","status":"publish","type":"post","link":"https:\/\/www.sustainable-everyday-project.net\/agenda21molenbeek\/?p=19","title":{"rendered":"Une participation plurielle et multiple"},"content":{"rendered":"<p>Derri\u00e8re ce projet \u00ab\u00a0Les pas pour le dire\u00a0\u00bb, l&#8217;objectif de l&#8217;\u00e9quipe de coordination de l&#8217;Agenda 21 de la Commune de Molenbeek est de compl\u00e9ter le diagnostic r\u00e9alis\u00e9 par l&#8217;administration (et reposant en bonne partie, par la force des choses, sur des statistiques et des listes de r\u00e9alisations d\u00e9j\u00e0 men\u00e9es), par une source d&#8217;information plus subjective : les citoyens. Les promenades sont ainsi l&#8217;occasion de vous inviter, habitants et autres habitu\u00e9s du quartier, \u00e0 d\u00e9couvrir &#8211; mais aussi \u00e0 d\u00e9voiler &#8211; des lieux existants de\u00a0 \u00ab vie durable \u00bb au sein de la portion du territoire communal que vous fr\u00e9quentez au jour le jour.<br \/>\nAu-del\u00e0 de l&#8217;ambition affich\u00e9e (enrichir le diagnostic durable de la Commune), ce projet a pour caract\u00e9ristique de chercher \u00e0 toucher un public le plus large possible en vous proposant \u00e0 la fois une forme (une promenade, plut\u00f4t qu&#8217;une r\u00e9union), un lieu (le quartier, plut\u00f4t qu&#8217;une salle) et des th\u00e8mes (autour de la vie quotidienne) qui peuvent \u00eatre facilement appropri\u00e9s mais aussi partag\u00e9s par vous tous, quel que soit votre \u00e2ge, votre culture, votre v\u00e9cu ou encore le r\u00f4le que vous jouez (habitant, membre d&#8217;une association, commer\u00e7ant, employ\u00e9, fonctionnaire, &#8230;).<\/p>\n<p>Pour vous laisser vous exprimer de fa\u00e7on spontan\u00e9e et informelle tout en cadrant le d\u00e9bat sur la question du d\u00e9veloppement durable \u00e0 l&#8217;\u00e9chelle de la commune, les promenades seront en quelque sorte \u00ab romanc\u00e9es \u00bb autour de sc\u00e9narios de vie durable.<br \/>\nUne autre particularit\u00e9 de ce projet est que la participation s&#8217;\u00e9tend \u00e9galement \u00e0 la p\u00e9riode de pr\u00e9paration des promenades. D\u2019une part, via ce blog, tout un chacun peut \u00eatre inform\u00e9 des diff\u00e9rentes \u00e9tapes de mise en place des promenades. D\u2019autre part, toute une s\u00e9rie d&#8217;acteurs locaux (commune, associations, &#8230;) sont invit\u00e9s \u00e0 participer activement \u00e0 la mise en place et \u00e0 l&#8217;animation des promenades. \u00a0C\u2019est notamment le sens de la r\u00e9union du 18 octobre, dont nous vous parlons ci-dessous.<br \/>\nL&#8217;organisation et l&#8217;animation de ces promenades est r\u00e9alis\u00e9 conjointement par la cellule de coordination de l&#8217;Agenda 21 de Molenbeek et l&#8217;\u00e9quipe de Strategic Design Scenarios, laboratoire d&#8217;innovation durable bas\u00e9 \u00e0 Bruxelles.<\/p>\n","protected":false},"excerpt":{"rendered":"<p>Derri\u00e8re ce projet \u00ab\u00a0Les pas pour le dire\u00a0\u00bb, l&#8217;objectif de l&#8217;\u00e9quipe de coordination de l&#8217;Agenda 21 de la Commune de Molenbeek est de compl\u00e9ter le diagnostic r\u00e9alis\u00e9 par l&#8217;administration (et reposant en bonne partie, par la force des choses, sur des statistiques et des listes de r\u00e9alisations d\u00e9j\u00e0 men\u00e9es), par une source d&#8217;information plus subjective [&hellip;]<\/p>\n","protected":false},"author":1,"featured_media":0,"comment_status":"closed","ping_status":"closed","sticky":false,"template":"","format":"standard","meta":{"footnotes":""},"categories":[3],"tags":[],"class_list":["post-19","post","type-post","status-publish","format-standard","hentry","category-news"],"_links":{"self":[{"href":"https:\/\/www.sustainable-everyday-project.net\/agenda21molenbeek\/index.php?rest_route=\/wp\/v2\/posts\/19","targetHints":{"allow":["GET"]}}],"collection":[{"href":"https:\/\/www.sustainable-everyday-project.net\/agenda21molenbeek\/index.php?rest_route=\/wp\/v2\/posts"}],"about":[{"href":"https:\/\/www.sustainable-everyday-project.net\/agenda21molenbeek\/index.php?rest_route=\/wp\/v2\/types\/post"}],"author":[{"embeddable":true,"href":"https:\/\/www.sustainable-everyday-project.net\/agenda21molenbeek\/index.php?rest_route=\/wp\/v2\/users\/1"}],"replies":[{"embeddable":true,"href":"https:\/\/www.sustainable-everyday-project.net\/agenda21molenbeek\/index.php?rest_route=%2Fwp%2Fv2%2Fcomments&post=19"}],"version-history":[{"count":0,"href":"https:\/\/www.sustainable-everyday-project.net\/agenda21molenbeek\/index.php?rest_route=\/wp\/v2\/posts\/19\/revisions"}],"wp:attachment":[{"href":"https:\/\/www.sustainable-everyday-project.net\/agenda21molenbeek\/index.php?rest_route=%2Fwp%2Fv2%2Fmedia&parent=19"}],"wp:term":[{"taxonomy":"category","embeddable":true,"href":"https:\/\/www.sustainable-everyday-project.net\/agenda21molenbeek\/index.php?rest_route=%2Fwp%2Fv2%2Fcategories&post=19"},{"taxonomy":"post_tag","embeddable":true,"href":"https:\/\/www.sustainable-everyday-project.net\/agenda21molenbeek\/index.php?rest_route=%2Fwp%2Fv2%2Ftags&post=19"}],"curies":[{"name":"wp","href":"https:\/\/api.w.org\/{rel}","templated":true}]}}