{"id":49,"date":"2011-10-27T16:20:20","date_gmt":"2011-10-27T14:20:20","guid":{"rendered":"http:\/\/www.sustainable-everyday.net\/agenda21molenbeek\/?p=49"},"modified":"2013-03-12T14:34:53","modified_gmt":"2013-03-12T14:34:53","slug":"a-la-rencontre-du-quartier-maritime-de-molenbeek-26-10-2011","status":"publish","type":"post","link":"https:\/\/www.sustainable-everyday-project.net\/agenda21molenbeek\/?p=49","title":{"rendered":"1\u00e8re journ\u00e9e de rep\u00e9rage &gt; \u00c0 la rencontre du quartier  &#8220;Maritime&#8221;"},"content":{"rendered":"<p><strong>Une journ\u00e9e dans le quartier \u00ab\u00a0Maritime\u00a0\u00bb, 26 octobre 2011<\/strong><\/p>\n<p><a href=\"http:\/\/www.sustainable-everyday-project.net\/agenda21molenbeek\/files\/2011\/10\/Quartier-maritime_main2.jpg\"><img loading=\"lazy\" decoding=\"async\" class=\"aligncenter size-full wp-image-131\" src=\"http:\/\/www.sustainable-everyday-project.net\/agenda21molenbeek\/files\/2011\/10\/Quartier-maritime_main2.jpg\" alt=\"\" width=\"500\" height=\"172\" srcset=\"https:\/\/www.sustainable-everyday-project.net\/agenda21molenbeek\/files\/2011\/10\/Quartier-maritime_main2.jpg 500w, https:\/\/www.sustainable-everyday-project.net\/agenda21molenbeek\/files\/2011\/10\/Quartier-maritime_main2-300x103.jpg 300w\" sizes=\"auto, (max-width: 500px) 100vw, 500px\" \/><\/a><\/p>\n<p>Notre petite \u00e9quipe d\u00e9marre la s\u00e9rie de 3 &#8220;journ\u00e9es de rep\u00e9rage&#8221; par le quartier Maritime. Pour cette premi\u00e8re journ\u00e9e nous allons \u00e0 la rencontre de 8 lieux et demandons \u00e0 leurs repr\u00e9sentants de nous pr\u00e9senter leurs missions et activit\u00e9s sous l&#8217;angle du d\u00e9veloppement durable : un m\u00e9diateur de quartier, la Maison de la Femme, le service d&#8217;aide aux jeunes l&#8217;Oranger, Africalia, l&#8217;Escaut, les logements passifs L28, le Jardin Collectif Tour &amp; Taxis et l&#8217;\u00e9picerie sociale Amphora.<\/p>\n<p>Qui sommes nous ? Julien Knoepfler est coordinateur de l&#8217;Agenda 21 pour la Commune de Molenbeek ; Ad\u00e8le Seyrig (designer), Sabine Guisse (architecte) et Michael Schnell (stagiaire designer) travaillent pour SDS &#8211; Strategic Design Scenarios, laboratoire d&#8217;exp\u00e9rimentation sur les modes de vie durable bas\u00e9 \u00e0 Bruxelles.<\/p>\n<p><!--more--><strong><em>Introduction au Relais, m\u00e9diation de quartier<\/em><\/strong><br \/>\nNous commen\u00e7ons la journ\u00e9e par un petit d\u00e9jeuner au &#8220;Relais&#8221;, antenne du CPAS, o\u00f9 nous sommes accueillis par Abdelkader Bensmail, m\u00e9diateur de quartier. Fin connaisseur du quartier, Abdelkader nous en dresse un rapide portrait. Nous appr\u00e9cions son r\u00e9cit sur ce qui a fait le quartier Maritime et ce qui l\u2019anime aujourd\u2019hui ainsi que son regard sur la fa\u00e7on dont on pourrait apporter des r\u00e9ponses aux petites et grandes probl\u00e9matiques locales.<\/p>\n<p><a href=\"http:\/\/www.sustainable-everyday-project.net\/agenda21molenbeek\/files\/2011\/10\/Quartier-maritime_Maison-de-la-femme.jpg\"><img loading=\"lazy\" decoding=\"async\" src=\"http:\/\/www.sustainable-everyday-project.net\/agenda21molenbeek\/files\/2011\/10\/Quartier-maritime_Maison-de-la-femme.jpg\" alt=\"\" width=\"500\" height=\"203\" \/><\/a><\/p>\n<p><strong><em>La Maison de la Femme, des activit\u00e9s pour toutes<\/em><\/strong><\/p>\n<p>Abdelkader nous conduit ensuite \u00e0 &#8220;<strong>La Maison de la Femme&#8221;<\/strong> o\u00f9 nous sommes tr\u00e8s chaleureusement re\u00e7us par Hafida Mimoun et son \u00e9quipe. Ici, c\u2019est une maison ouverte \u00e0 toutes les femmes, un lieu o\u00f9 l\u2019on se sent chez soi en dehors de chez soi.<\/p>\n<p>Plusieurs ateliers sont propos\u00e9es \u00e0 La Maison de la Femme (cours de langues, de cuisine, d\u2019informatique, \u2026) ainsi que d\u2019autres activit\u00e9s organis\u00e9es \u00e0 l\u2019ext\u00e9rieur\u00a0: activit\u00e9s sportives, sorties culturelles, voyages, etc. Au travers de ce programme foisonnant qui rencontre un tr\u00e8s grand succ\u00e8s dans le quartier, nous comprenons que ce qui compte, se sont les multiples occasions d\u2019apprendre mais aussi et surtout les \u00e9changes, les rencontres.<\/p>\n<p><strong><em>L\u2019Oranger, service d\u2019aide aux jeunes<\/em><\/strong><br \/>\nNous poursuivons notre chemin jusqu\u2019\u00e0 <strong>&#8220;L&#8217;Oranger&#8221;,<\/strong> service d\u2019Aide en Milieu Ouvert (A.M.O.) qui accompagne les jeunes de moins de 18 ans en difficult\u00e9 ainsi que leurs familles.<\/p>\n<p>L\u2019Oranger propose \u00e0 la fois une aide individuelle qui se fait par l&#8217;accueil et l&#8217;accompagnement des jeunes et des soutiens collectifs (aide au devoir, projets collectifs, etc.). Nous comprenons que l\u2019objectif de l\u2019Oranger est de donner des r\u00e9ponses rapides aux probl\u00e9matiques sociales et \u00e9conomiques (probl\u00e8mes scolaires, ch\u00f4mage, etc.) de la vie quotidienne de ces usagers.<\/p>\n<p>L\u2019\u00e9quipe nous parle \u00e9galement des ruches qui sont accueillies sur les toits de l\u2019Oranger. On le sent bien, la m\u00e9taphore n\u2019est pas loin, voulant qu\u2019aider les jeunes ou les abeilles rel\u00e8ve en r\u00e9alit\u00e9 de la m\u00eame pr\u00e9occupation d\u2019action sur le long terme, de pr\u00e9servation durable de notre soci\u00e9t\u00e9..<\/p>\n<p><strong><em>Africalia, art et culture en Afrique noire<\/em><\/strong><br \/>\nL&#8217;\u00e9tape suivante est &#8220;<strong>Africalia&#8221;,<\/strong> une initiative de la Coop\u00e9ration belge au d\u00e9veloppement. L\u2019association, dont le si\u00e8ge est bas\u00e9 \u00e0 la limite du quartier Maritime de Molenbeek, m\u00e8ne depuis plusieurs ann\u00e9es d\u00e9j\u00e0 des projets de coop\u00e9ration appuyant le d\u00e9veloppement de projets structurels dans le domaine de l\u2019art et de la culture en Afrique, entre autres au Burkina Faso, au Kenya, en Afrique du Sud ou au Zimbabwe. Mirko Popovitch, directeur d\u2019Africalia nous faire part de quelques-uns des nombreux projets de l\u2019association.<\/p>\n<p><a href=\"http:\/\/www.sustainable-everyday-project.net\/agenda21molenbeek\/files\/2011\/10\/Quartier-maritime_Escaut.jpg\"><img loading=\"lazy\" decoding=\"async\" src=\"http:\/\/www.sustainable-everyday-project.net\/agenda21molenbeek\/files\/2011\/10\/Quartier-maritime_Escaut.jpg\" alt=\"\" width=\"500\" height=\"201\" \/><\/a><\/p>\n<p><strong><em>L\u2019Escaut, atelier d\u2019architecture, sc\u00e9nographie et urbanisme<\/em><\/strong><br \/>\nA midi, nous faisons une halte dans les locaux de L\u2019Escaut qui accueille \u00e0 la fois l\u2019atelier d\u2019architecture L\u2019Escaut, agence coop\u00e9rative d\u2019architecture, sc\u00e9nographie et urbanisme<ins cite=\"mailto:Julien\" datetime=\"2011-11-03T09:00\">,<\/ins> et le collectif d\u2019artistes Vrac. Le lieu d\u00e9voile une autre histoire du quartier, celle d\u2019un pass\u00e9 industriel. Apr\u00e8s une pr\u00e9sentation succincte, nous comprenons qu\u2019ici se tiennent des activit\u00e9s \u00e0 la fronti\u00e8res entre diff\u00e9rents disciplines, l\u2019art et la pratique architecturale, ouvertes sur le quartier et au-del\u00e0.<\/p>\n<p><strong><em><a href=\"http:\/\/www.sustainable-everyday-project.net\/agenda21molenbeek\/files\/2011\/10\/Quartier-maritime_B17.jpg\"><img loading=\"lazy\" decoding=\"async\" src=\"http:\/\/www.sustainable-everyday-project.net\/agenda21molenbeek\/files\/2011\/10\/Quartier-maritime_B17.jpg\" alt=\"\" width=\"500\" height=\"253\" \/><\/a><\/em><\/strong><\/p>\n<p><strong><em>L 28, logements sociaux passifs<\/em><\/strong><br \/>\nDe l\u00e0, nous continuons pour une visite de &#8220;<strong>L28&#8243;<\/strong>, ensemble de logements sociaux tout juste inaugur\u00e9. Le b\u00e2timent a \u00e9t\u00e9 construit en application des techniques dites \u00ab\u00a0passives\u00a0\u00bb. Parmi les principes de l\u2019architecture passive\u00a0: une tr\u00e8s bonne isolation, de tr\u00e8s bonnes fen\u00eatres (triple vitrage), un syst\u00e8me de ventilation et de chauffage ultra-performant et tr\u00e8s \u00e9conome en \u00e9nergie, etc. Les logements seront tr\u00e8s bient\u00f4t habit\u00e9s\u00a0; nous avons la chance de les visiter en avant-premi\u00e8re. Au pied du b\u00e2timent, une cr\u00e8che et une toute nouvelle aire de jeux ont \u00e9galement \u00e9t\u00e9 am\u00e9nag\u00e9s.<\/p>\n<p><a href=\"http:\/\/www.sustainable-everyday-project.net\/agenda21molenbeek\/files\/2011\/10\/Quartier-maritime_Jardin-collectif.jpg\"><img loading=\"lazy\" decoding=\"async\" src=\"http:\/\/www.sustainable-everyday-project.net\/agenda21molenbeek\/files\/2011\/10\/Quartier-maritime_Jardin-collectif.jpg\" alt=\"\" width=\"500\" height=\"159\" \/><\/a><\/p>\n<p><strong><em>Jardin collectif Tour &amp; Taxis, petit paradis en bordure de friche industrielle<\/em><\/strong><br \/>\n\u00c0 deux pas du b\u00e2timent L28, nous passons c\u00f4t\u00e9 Bruxelles pour d\u00e9couvrir le Jardin collectif Tour &amp; Taxis. Le jardin s\u2019\u00e9tend sur une longue bande de terrain entre les murs d\u2019enceinte des immeubles et la friche du site Tour &amp; Taxis.<\/p>\n<p>Le lieu est entretenu par une quinzaine de jardiniers amateurs de talent qui en ont fait un site exemplaire en termes de biodiversit\u00e9 mais aussi de plaisir pour les yeux et l\u2019odorat\u00a0! On y trouve toutes sortes de l\u00e9gumes d\u2019ici et d\u2019ailleurs, de fruits, d\u2019herbes aromatiques, etc. Au fur et \u00e0 mesure, de petits et de plus grands am\u00e9nagements ont \u00e9t\u00e9 men\u00e9s, quasi exclusivement \u00e0 partir de mat\u00e9riaux de r\u00e9cup\u00e9ration\u00a0: au fil de la visite,\u00a0 on a ainsi pu d\u00e9couvrir un amphith\u00e9\u00e2tre, trois ruches, un poulailler, une serre g\u00e9od\u00e9sique, des toilettes s\u00e8ches. Ce n\u2019est pourtant pas tout\u00a0: \u00e0 ce qu\u2019on a pu comprendre, les projets sont encore nombreux\u00a0!<\/p>\n<p><strong><em>Amphora, \u00e9picerie sociale<\/em><\/strong><\/p>\n<p>Nous terminons notre journ\u00e9e de rencontres dans le quartier Maritime par une visite de l\u2019\u00e9picerie sociale Amphora avec Christophe Vivario, animateur. En lien direct avec le service de m\u00e9diation des dettes du CPAS, l\u2019\u00e9picerie a pour but de permettre \u00e0 un public pr\u00e9caris\u00e9 d\u2019acc\u00e9der, pendant un temps donn\u00e9, \u00e0 des articles essentiels d\u2019alimentation, d\u2019hygi\u00e8ne et d\u2019entretien \u00e0 prix r\u00e9duits. En plus d\u2019un accompagnement personnalis\u00e9, Amphora propose \u00e9galement aux personnes qui fr\u00e9quentent o\u00f9 on fr\u00e9quent\u00e9 le lieu de participer r\u00e9guli\u00e8rement \u00e0 des \u00ab\u00a0ateliers de Consom\u2019acteurs\u00a0\u00bb au cours desquels sont abord\u00e9s diff\u00e9rentes th\u00e9matiques li\u00e9es \u00e0 la gestion et l\u2019organisation familiale, \u00e0 l\u2019alimentation, etc.<\/p>\n","protected":false},"excerpt":{"rendered":"<p>Une journ\u00e9e dans le quartier \u00ab\u00a0Maritime\u00a0\u00bb, 26 octobre 2011 Notre petite \u00e9quipe d\u00e9marre la s\u00e9rie de 3 &#8220;journ\u00e9es de rep\u00e9rage&#8221; par le quartier Maritime. Pour cette premi\u00e8re journ\u00e9e nous allons \u00e0 la rencontre de 8 lieux et demandons \u00e0 leurs repr\u00e9sentants de nous pr\u00e9senter leurs missions et activit\u00e9s sous l&#8217;angle du d\u00e9veloppement durable : un [&hellip;]<\/p>\n","protected":false},"author":1,"featured_media":406,"comment_status":"closed","ping_status":"closed","sticky":false,"template":"","format":"standard","meta":{"footnotes":""},"categories":[3,4],"tags":[],"class_list":["post-49","post","type-post","status-publish","format-standard","has-post-thumbnail","hentry","category-news","category-slider"],"_links":{"self":[{"href":"https:\/\/www.sustainable-everyday-project.net\/agenda21molenbeek\/index.php?rest_route=\/wp\/v2\/posts\/49","targetHints":{"allow":["GET"]}}],"collection":[{"href":"https:\/\/www.sustainable-everyday-project.net\/agenda21molenbeek\/index.php?rest_route=\/wp\/v2\/posts"}],"about":[{"href":"https:\/\/www.sustainable-everyday-project.net\/agenda21molenbeek\/index.php?rest_route=\/wp\/v2\/types\/post"}],"author":[{"embeddable":true,"href":"https:\/\/www.sustainable-everyday-project.net\/agenda21molenbeek\/index.php?rest_route=\/wp\/v2\/users\/1"}],"replies":[{"embeddable":true,"href":"https:\/\/www.sustainable-everyday-project.net\/agenda21molenbeek\/index.php?rest_route=%2Fwp%2Fv2%2Fcomments&post=49"}],"version-history":[{"count":4,"href":"https:\/\/www.sustainable-everyday-project.net\/agenda21molenbeek\/index.php?rest_route=\/wp\/v2\/posts\/49\/revisions"}],"predecessor-version":[{"id":417,"href":"https:\/\/www.sustainable-everyday-project.net\/agenda21molenbeek\/index.php?rest_route=\/wp\/v2\/posts\/49\/revisions\/417"}],"wp:featuredmedia":[{"embeddable":true,"href":"https:\/\/www.sustainable-everyday-project.net\/agenda21molenbeek\/index.php?rest_route=\/wp\/v2\/media\/406"}],"wp:attachment":[{"href":"https:\/\/www.sustainable-everyday-project.net\/agenda21molenbeek\/index.php?rest_route=%2Fwp%2Fv2%2Fmedia&parent=49"}],"wp:term":[{"taxonomy":"category","embeddable":true,"href":"https:\/\/www.sustainable-everyday-project.net\/agenda21molenbeek\/index.php?rest_route=%2Fwp%2Fv2%2Fcategories&post=49"},{"taxonomy":"post_tag","embeddable":true,"href":"https:\/\/www.sustainable-everyday-project.net\/agenda21molenbeek\/index.php?rest_route=%2Fwp%2Fv2%2Ftags&post=49"}],"curies":[{"name":"wp","href":"https:\/\/api.w.org\/{rel}","templated":true}]}}