{"id":61,"date":"2011-10-25T19:01:22","date_gmt":"2011-10-25T17:01:22","guid":{"rendered":"http:\/\/www.sustainable-everyday.net\/agenda21molenbeek\/?p=61"},"modified":"2011-10-25T19:01:22","modified_gmt":"2011-10-25T17:01:22","slug":"3-journees-de-reperage-pour-preparer-les-promenades-citoyennes","status":"publish","type":"post","link":"https:\/\/www.sustainable-everyday-project.net\/agenda21molenbeek\/?p=61","title":{"rendered":"3 &#8220;journ\u00e9es de rep\u00e9rage&#8221; pour pr\u00e9parer les promenades citoyennes de l&#8217;Agenda 21 de Molenbeek"},"content":{"rendered":"<p><strong>Vous avez dit \u00ab\u00a0journ\u00e9e de rep\u00e9rage\u00a0\u00bb\u00a0?<\/strong><\/p>\n<p>Afin de pr\u00e9parer les promenades citoyennes qui sont en pr\u00e9paration dans trois quartiers de Molenbeek, nous avons organis\u00e9 ce que nous avons appel\u00e9 des \u00ab\u00a0journ\u00e9es de rep\u00e9rage\u00a0\u00bb. Le principe de ces journ\u00e9es\u00a0? Aller \u00e0 la rencontre des acteurs de terrain qui nous ont \u00e9t\u00e9 r\u00e9v\u00e9l\u00e9s pendant l\u2019atelier de pr\u00e9paration des promenades ou que nous connaissons d\u00e9j\u00e0 pour leur engagement et leurs actions \u00ab\u00a0durables\u00a0\u00bb.<br \/>\nEn une journ\u00e9e, notre objectif \u00e9tait de rencontrer 6-8 acteurs susceptibles de nous accueillir le jour des promenades afin de nous pr\u00e9senter leurs missions et projets sous l\u2019angle du d\u00e9veloppement durable.<img decoding=\"async\" src=\"http:\/\/www.sustainable-everyday.net\/agenda21molenbeek\/wp-includes\/js\/tinymce\/plugins\/wordpress\/img\/trans.gif\" alt=\"\" \/><\/p>\n<p>\u00c0 l\u2019issue de cette journ\u00e9e, ce sont 3 ou 4 de ces initiatives rencontr\u00e9es qui seront retenues pour les promenades organis\u00e9es les 12 et 19 novembre. Bien qu\u2019il soit difficile de faire une s\u00e9lection parmi toutes ces rencontres, nous ne pourrons malheureusement pas faire plus que 4 haltes en 2h30 de promenade\u2026 Au travers de notre choix, nous allons chercher \u00e0 couvrir autant que possible les 4 dimensions du d\u00e9veloppement durable trait\u00e9es via l\u2019Agenda 21 de Molenbeek-Saint-Jean : environnement, social, \u00e9conomie &amp; territoire\/mobilit\u00e9.<\/p>\n","protected":false},"excerpt":{"rendered":"<p>Vous avez dit \u00ab\u00a0journ\u00e9e de rep\u00e9rage\u00a0\u00bb\u00a0? Afin de pr\u00e9parer les promenades citoyennes qui sont en pr\u00e9paration dans trois quartiers de Molenbeek, nous avons organis\u00e9 ce que nous avons appel\u00e9 des \u00ab\u00a0journ\u00e9es de rep\u00e9rage\u00a0\u00bb. Le principe de ces journ\u00e9es\u00a0? Aller \u00e0 la rencontre des acteurs de terrain qui nous ont \u00e9t\u00e9 r\u00e9v\u00e9l\u00e9s pendant l\u2019atelier de pr\u00e9paration [&hellip;]<\/p>\n","protected":false},"author":1,"featured_media":0,"comment_status":"closed","ping_status":"closed","sticky":false,"template":"","format":"standard","meta":{"footnotes":""},"categories":[3],"tags":[],"class_list":["post-61","post","type-post","status-publish","format-standard","hentry","category-news"],"_links":{"self":[{"href":"https:\/\/www.sustainable-everyday-project.net\/agenda21molenbeek\/index.php?rest_route=\/wp\/v2\/posts\/61","targetHints":{"allow":["GET"]}}],"collection":[{"href":"https:\/\/www.sustainable-everyday-project.net\/agenda21molenbeek\/index.php?rest_route=\/wp\/v2\/posts"}],"about":[{"href":"https:\/\/www.sustainable-everyday-project.net\/agenda21molenbeek\/index.php?rest_route=\/wp\/v2\/types\/post"}],"author":[{"embeddable":true,"href":"https:\/\/www.sustainable-everyday-project.net\/agenda21molenbeek\/index.php?rest_route=\/wp\/v2\/users\/1"}],"replies":[{"embeddable":true,"href":"https:\/\/www.sustainable-everyday-project.net\/agenda21molenbeek\/index.php?rest_route=%2Fwp%2Fv2%2Fcomments&post=61"}],"version-history":[{"count":0,"href":"https:\/\/www.sustainable-everyday-project.net\/agenda21molenbeek\/index.php?rest_route=\/wp\/v2\/posts\/61\/revisions"}],"wp:attachment":[{"href":"https:\/\/www.sustainable-everyday-project.net\/agenda21molenbeek\/index.php?rest_route=%2Fwp%2Fv2%2Fmedia&parent=61"}],"wp:term":[{"taxonomy":"category","embeddable":true,"href":"https:\/\/www.sustainable-everyday-project.net\/agenda21molenbeek\/index.php?rest_route=%2Fwp%2Fv2%2Fcategories&post=61"},{"taxonomy":"post_tag","embeddable":true,"href":"https:\/\/www.sustainable-everyday-project.net\/agenda21molenbeek\/index.php?rest_route=%2Fwp%2Fv2%2Ftags&post=61"}],"curies":[{"name":"wp","href":"https:\/\/api.w.org\/{rel}","templated":true}]}}