{"id":68,"date":"2011-11-02T09:16:46","date_gmt":"2011-11-02T08:16:46","guid":{"rendered":"http:\/\/www.sustainable-everyday.net\/agenda21molenbeek\/?p=68"},"modified":"2013-03-12T14:09:05","modified_gmt":"2013-03-12T14:09:05","slug":"a-la-rencontre-du-quartier-centre-historique-duchesse-de-molenbeek","status":"publish","type":"post","link":"https:\/\/www.sustainable-everyday-project.net\/agenda21molenbeek\/?p=68","title":{"rendered":"2\u00e8me journ\u00e9e de rep\u00e9rage &gt; \u00c0 la rencontre du quartier &#8220;Centre historique-Duchesse&#8221;"},"content":{"rendered":"<p><strong>Une journ\u00e9e dans le quartier &#8220;Centre historique -Duchesse&#8221;, 28 octobre 2011<br \/>\n<\/strong><\/p>\n<p><a href=\"http:\/\/www.sustainable-everyday-project.net\/agenda21molenbeek\/files\/2011\/11\/Centre-historique-Duchesse-500px.jpg\"><img loading=\"lazy\" decoding=\"async\" class=\"aligncenter size-full wp-image-79\" src=\"http:\/\/www.sustainable-everyday-project.net\/agenda21molenbeek\/files\/2011\/11\/Centre-historique-Duchesse-500px.jpg\" alt=\"\" width=\"500\" height=\"201\" srcset=\"https:\/\/www.sustainable-everyday-project.net\/agenda21molenbeek\/files\/2011\/11\/Centre-historique-Duchesse-500px.jpg 500w, https:\/\/www.sustainable-everyday-project.net\/agenda21molenbeek\/files\/2011\/11\/Centre-historique-Duchesse-500px-300x120.jpg 300w\" sizes=\"auto, (max-width: 500px) 100vw, 500px\" \/><\/a><\/p>\n<p>Pour notre deuxi\u00e8me journ\u00e9e de rep\u00e9rage, nous nous rendons dans le quartier &#8220;Centre historique -Duchesse&#8221;. Dans ce quartier encore une fois dense en initiatives et associations, nous rencontrons 7 acteurs qui nous ont \u00e9t\u00e9 r\u00e9v\u00e9l\u00e9s lors de l\u2019atelier du 18 octobre\u00a0: Oxfam-Solidarit\u00e9, l\u2019asbl La Rue, le restaurant social \u00ab\u00a0Les uns et les autres\u00a0\u00bb, la maison de quartier Bonnevie, l\u2019association L\u2019espoir et ses logements passifs, l\u2019asbl Retour \u00e0 la Nature et enfin la Maison des cultures et de la Coh\u00e9sion sociale.<\/p>\n<p>Comme dans le Quartier Maritime, nous sommes \u00e0 nouveau frapp\u00e9s par la philosophie transversale de ces projets. Si quasiment tous adoptent une approche sociale du territoire (coh\u00e9sion, insertion, &#8230;), d&#8217;autres dimensions du d\u00e9veloppement durable sont \u00e9galement utilis\u00e9es comme des \u00ab\u00a0moteurs\u00a0\u00bb, qui permettent de rassembler les citoyens autour de projets.<\/p>\n<p><!--more--><\/p>\n<p>&nbsp;<\/p>\n<p><a href=\"http:\/\/www.sustainable-everyday-project.net\/agenda21molenbeek\/files\/2011\/11\/Oxfam.jpg\"><img loading=\"lazy\" decoding=\"async\" class=\"aligncenter size-full wp-image-77\" src=\"http:\/\/www.sustainable-everyday-project.net\/agenda21molenbeek\/files\/2011\/11\/Oxfam.jpg\" alt=\"\" width=\"500\" height=\"188\" srcset=\"https:\/\/www.sustainable-everyday-project.net\/agenda21molenbeek\/files\/2011\/11\/Oxfam.jpg 500w, https:\/\/www.sustainable-everyday-project.net\/agenda21molenbeek\/files\/2011\/11\/Oxfam-300x112.jpg 300w\" sizes=\"auto, (max-width: 500px) 100vw, 500px\" \/><\/a><\/p>\n<p><strong><em>Oxfam-Solidarit\u00e9<\/em><\/strong><\/p>\n<p>Notre journ\u00e9e commence chez Oxfam, ONG tr\u00e8s pr\u00e9sente en Belgique. L&#8217;antenne Molenbeek-Beekkant, o\u00f9 nous rencontrons Khalid Bencer, est le site bruxellois principal de revente d&#8217;objets de seconde main. Il donne une seconde vie au mat\u00e9riel fourni par de nombreux donateurs, allant du particulier aux entreprises, en passant par les administrations. Sur le plan local, par son magasin, Oxfam permet \u00e0 tout un chacun de se v\u00eatir, de se meubler mais aussi de s&#8217;\u00e9quiper en informatique \u00e0 moindre co\u00fbt. Sur toute la cha\u00eene du recyclage (ramassage, tri, r\u00e9paration, vente&#8230;), Oxfam agit aussi sur la r\u00e9insertion professionnelle et sociale en engageant des employ\u00e9s sous statut &#8220;article 60&#8221; parmi une palette d&#8217;employ\u00e9s aux profils diversifi\u00e9s. Certains des dons mat\u00e9riels &#8211; mais aussi les b\u00e9n\u00e9fices engendr\u00e9s par les ventes &#8211; permettent \u00e0 Oxfam de mener, \u00e0 l&#8217;\u00e9chelle internationale cette fois, de multiples actions dans le domaine de la coop\u00e9ration Nord-Sud<\/p>\n<p>&nbsp;<\/p>\n<p><a href=\"http:\/\/www.sustainable-everyday-project.net\/agenda21molenbeek\/files\/2011\/11\/La-rue-jardin-urbain-deux-images_72dpi.jpg\"><img loading=\"lazy\" decoding=\"async\" class=\"aligncenter size-full wp-image-70\" src=\"http:\/\/www.sustainable-everyday-project.net\/agenda21molenbeek\/files\/2011\/11\/La-rue-jardin-urbain-deux-images_72dpi.jpg\" alt=\"\" width=\"500\" height=\"364\" srcset=\"https:\/\/www.sustainable-everyday-project.net\/agenda21molenbeek\/files\/2011\/11\/La-rue-jardin-urbain-deux-images_72dpi.jpg 500w, https:\/\/www.sustainable-everyday-project.net\/agenda21molenbeek\/files\/2011\/11\/La-rue-jardin-urbain-deux-images_72dpi-300x218.jpg 300w, https:\/\/www.sustainable-everyday-project.net\/agenda21molenbeek\/files\/2011\/11\/La-rue-jardin-urbain-deux-images_72dpi-412x300.jpg 412w\" sizes=\"auto, (max-width: 500px) 100vw, 500px\" \/><\/a><\/p>\n<p><strong><em>La Rue, \u00e9ducation permanente dans les quartiers populaires du bas de Molenbeek<\/em><\/strong><\/p>\n<p>Nous rencontrons ensuite Carine Barthelemy et Christian Ledocq de l\u2019asbl La Rue. Active depuis bient\u00f4t 35 ans, La Rue fait partie des acteurs incontournables du quartier. L\u2019association m\u00e8ne un travail cons\u00e9quent dans les domaines du logement, de l&#8217;\u00e9ducation et de l\u2019espace public au travers d\u2019activit\u00e9s diverses \u00e0 destination \u00e0 la fois d\u2019enfants, de jeunes et d\u2019adultes. Ses actions se situent sur le terrain de la formation, de l&#8217;accompagnement aux d\u00e9marches administratives, de la pr\u00e9vention (notamment contre l&#8217;insalubrit\u00e9 et ses dangers), de l&#8217;animation ou encore du soutien \u00e0 la vie de quartier (participation dans le cadre de projets d&#8217;urbanisme, f\u00eates, etc\u2026). Parmi le riche foisonnement des projets qui nous sont pr\u00e9sent\u00e9s tr\u00e8s rapidement, nous d\u00e9couvrons l\u2019un d\u2019entre eux un peu plus en d\u00e9tail: le jardin urbain. Nous continuons la discussion \u00e0 l\u2019ext\u00e9rieur en visitant le jardin de la rue Fin dans lequel La Rue conduit, entre autres, un travail de sensibilisation \u00e0 l\u2019environnement apr\u00e8s des habitants du quartier et des \u00e9l\u00e8ves: une classe a m\u00eame sa propre jardini\u00e8re! Ce jardin ouvert sur le quartier gr\u00e2ce au syst\u00e8me de permanences est aussi un v\u00e9ritable lieu de rencontre.<\/p>\n<p>&nbsp;<\/p>\n<p><strong><em>Les uns et les autres, restaurant social <\/em><\/strong><\/p>\n<p>Nous profitons du temps du midi pour rencontrer Andr\u00e9 Vandeperre, coordinateur du restaurant social Les uns et les autres. Encore un tr\u00e8s beau projet ayant une port\u00e9e une port\u00e9e sociale importante dans le quartier. Avec son menu au prix adapt\u00e9 aux revenus, ce lieu ouvert \u00e0 tous accueille familles, personnes \u00e2g\u00e9es et employ\u00e9s des bureaux voisins. La cuisine, oeuvre d&#8217;une \u00e9quipe de personnes en formation dans le cadre de projets de r\u00e9insertion professionnelle, se veut \u00e0 la fois saine et fine (pr\u00e9sentation soign\u00e9e, assaisonnement subtil). Les apprentissages se diversifient aujourd&#8217;hui avec la gestion d&#8217;un petit potager (dont les aromates viennent parfumer notre repas) et la professionnalisation d&#8217;une \u00e9quipe de nettoyage, mais aussi par l&#8217;extension du restaurant \u00e0 un service traiteur et sandwicherie. Cette derni\u00e8re permet au restaurant de davantage s&#8217;ouvrir sur le quartier tout en proposant, ce qui est encore trop rare \u00e0 l&#8217;heure actuelle, une formule de restauration rapide mais \u00e9quilibr\u00e9e (sandwiches frais, soupes, &#8230;).<\/p>\n<p>&nbsp;<\/p>\n<p><strong><em>Bonnevie, Maison de quartier<\/em><\/strong><\/p>\n<p>Face au parc Bonnevie, dans la maison de quartier du m\u00eame nom, Gwendoline Daems nous pr\u00e9sente l&#8217;action que l\u2019asbl m\u00e8ne autour de l&#8217;habitat. Une \u00e9quipe d&#8217;architectes, d&#8217;agents sociaux, d&#8217;animateurs et d'&#8221;hommes \u00e0 tout faire&#8221; en r\u00e9insertion professionnelle form\u00e9s par l&#8217;association \u00e9paule les personnes, locataires et propri\u00e9taires, pour am\u00e9liorer leurs conditions de logement. Cette aide se formalise de fa\u00e7on directe (r\u00e9parations, entretien, location de mat\u00e9riel professionnel \u00e0 moindre co\u00fbt) ou indirecte (guidance vers les services publics comp\u00e9tents\u00a0: subsides \u00e0 la r\u00e9novation, demande de logement social, &#8230;). Bonnevie est aussi associ\u00e9e au groupe d&#8217;action ALARM engag\u00e9 dans le lobbying exerc\u00e9 sur les politiques, notamment en mati\u00e8re de droit au logement. Habiter est non seulement une affaire de logement mais aussi d&#8217;environnement, dans lequel les habitants circulent et se rencontrent. C&#8217;est pourquoi Bonnevie intervient \u00e9galement dans les projets d&#8217;am\u00e9nagement des espaces publics du quartier. L&#8217;association soutient la participation des habitants, et notamment des jeunes, aux projets tels que le parc Bonnevie, juste en face, tout r\u00e9cemment r\u00e9nov\u00e9. Un des projets dans lesquels l\u2019association est impliqu\u00e9e actuellement est l&#8217;am\u00e9nagement de la section de la \u00ab\u00a0coul\u00e9e verte\u00a0\u00bb qui, dans le futur, reliera le parc \u00e0 la tive oppos\u00e9e (c\u00f4t\u00e9 Bruxelles-Ville) du Canal. En filigrane de ses actions Bonnevie int\u00e8gre constamment les pr\u00e9occupations environnementales par la verdurisation, les \u00e9conomies d&#8217;\u00e9nergie, le soutien \u00e0 la mobilit\u00e9 douce, etc.<\/p>\n<p>&nbsp;<\/p>\n<p><a href=\"http:\/\/www.sustainable-everyday-project.net\/agenda21molenbeek\/files\/2011\/11\/Logement-passif-Espoir_72dpi.jpg\"><img loading=\"lazy\" decoding=\"async\" class=\"aligncenter size-full wp-image-71\" src=\"http:\/\/www.sustainable-everyday-project.net\/agenda21molenbeek\/files\/2011\/11\/Logement-passif-Espoir_72dpi.jpg\" alt=\"\" width=\"500\" height=\"323\" srcset=\"https:\/\/www.sustainable-everyday-project.net\/agenda21molenbeek\/files\/2011\/11\/Logement-passif-Espoir_72dpi.jpg 500w, https:\/\/www.sustainable-everyday-project.net\/agenda21molenbeek\/files\/2011\/11\/Logement-passif-Espoir_72dpi-300x193.jpg 300w, https:\/\/www.sustainable-everyday-project.net\/agenda21molenbeek\/files\/2011\/11\/Logement-passif-Espoir_72dpi-464x300.jpg 464w\" sizes=\"auto, (max-width: 500px) 100vw, 500px\" \/><\/a><\/p>\n<p><em><strong>L&#8217;Espoir, logement passifs haut en couleurs<\/strong><br \/>\n<\/em><\/p>\n<p>Rue Fin, nous d\u00e9couvrons le projet d\u2019immeuble collectif qui a vu le jour gr\u00e2ce au collectif L\u2019Espoir\u00a0: 11 nationalit\u00e9s diff\u00e9rentes, 14 couleurs permettant d&#8217;identifier la fa\u00e7ade de chaque logement. Le b\u00e2timent est cercl\u00e9 de bois qui structure des coursives \u00e0 l&#8217;avant et barde les fa\u00e7ades donnant sur de petits jardinets priv\u00e9s en fa\u00e7ade arri\u00e8re. Fadel, qui depuis 2004 entra\u00eene des membres des 14 familles \u00e0 participer \u00e0 la conception du projet, nous re\u00e7oit dans son appartement.<\/p>\n<p>Initi\u00e9es dans le cadre du Contrat de Quartier \u00ab Fonderie-Pierron \u00bb, ces habitations ont la particularit\u00e9 d&#8217;\u00eatre des logements sociaux en acquisition, ce qui signifie que leurs occupants en sont \u00e0 terme les propri\u00e9taires. L&#8217;autre innovation, c&#8217;est que le b\u00e2timent, dit <em>passif<\/em>, ne n\u00e9cessite pas d&#8217;\u00e9nergie pour le chauffage. Marocain d&#8217;origine, Fadel nous avoue cependant en souriant qu&#8217;au creux d&#8217;hivers rudes, tels que l&#8217;hiver dernier, une couverture sur les genoux vient compl\u00e9ter \u00e0 merveille le grand sofa traditionnel. Ces deux particularit\u00e9s font de ce logement social un exemple en mati\u00e8re de d\u00e9veloppement durable, que ce soit sur le plan social, \u00e9conomique, environnemental ou encore de la gouvernance publique. Aujourd&#8217;hui, les habitants volontaires ont \u00e9t\u00e9 nomm\u00e9s &#8220;ambassadeurs&#8221;. Forts de leur exp\u00e9rience de vie un peu particuli\u00e8re dans ce type de b\u00e2timent, vieille d&#8217;une ann\u00e9e maintenant, ils iront t\u00e9moigner de leur vie quotidienne et \u00ab\u00a0former\u00a0\u00bb de futurs habitants de logements sociaux tels que ceux du b\u00e2timent L28, dans le Quartier Maritime, au bien vivre dans l\u2019habitat passif.<\/p>\n<p>&nbsp;<\/p>\n<p><strong><em>Retour \u00e0 la nature, asbl et herboristerie<\/em><\/strong><\/p>\n<p>Nous sommes ensuite re\u00e7us par Mustapha El Hamel dans l\u2019herboristerie de la rue Fernand Brunfaut. En entrant nous d\u00e9couvrons flacons et sachets de plantes, huiles et autres poudres, de l&#8217;usage culinaire \u00e0 l&#8217;usage m\u00e9dicinal, en passant par le cosm\u00e9tique. Une fois install\u00e9s dans l&#8217;arri\u00e8re boutique, Mustapha nous explique rapidement son activit\u00e9, soit entre autre, de partager avec de jeunes \u00e9tudiants en herboristerie les savoirs qu&#8217;il a acquis au Maroc et de leur faire conna\u00eetre &#8211; ainsi qu&#8217;aux public molenebeekois et plus largement bruxellois &#8211; le potentiel de ces plantes m\u00e9diterran\u00e9ennes. Un autre enjeu pour lui est de bien se d\u00e9marquer de la charlatanerie dans laquelle se complaisent bien d\u2019autres officines : pour lui, les plantes permettent simplement d&#8217;am\u00e9liorer le quotidien en procurant du plaisir par le go\u00fbt, le toucher ou l&#8217;odorat\u00a0; elles sont d&#8217;excellents agents de pr\u00e9vention, en aidant \u00e0 conserver la sant\u00e9. Toujours \u00e0 l&#8217;\u00e9coute, Mustapha nous l\u2019assure\u00a0: il se refuse \u00e0 proposer quelque philtre d&#8217;amour ou m\u00e9dicament miracle que ce soit\u00a0!<\/p>\n<p>&nbsp;<\/p>\n<p><a href=\"http:\/\/www.sustainable-everyday-project.net\/agenda21molenbeek\/files\/2011\/11\/Maison-de-la-culture-et-de-la-cohesion-sociale_72dpi.jpg\"><img loading=\"lazy\" decoding=\"async\" class=\"aligncenter size-full wp-image-74\" src=\"http:\/\/www.sustainable-everyday-project.net\/agenda21molenbeek\/files\/2011\/11\/Maison-de-la-culture-et-de-la-cohesion-sociale_72dpi.jpg\" alt=\"\" width=\"500\" height=\"327\" srcset=\"https:\/\/www.sustainable-everyday-project.net\/agenda21molenbeek\/files\/2011\/11\/Maison-de-la-culture-et-de-la-cohesion-sociale_72dpi.jpg 500w, https:\/\/www.sustainable-everyday-project.net\/agenda21molenbeek\/files\/2011\/11\/Maison-de-la-culture-et-de-la-cohesion-sociale_72dpi-300x196.jpg 300w, https:\/\/www.sustainable-everyday-project.net\/agenda21molenbeek\/files\/2011\/11\/Maison-de-la-culture-et-de-la-cohesion-sociale_72dpi-458x300.jpg 458w\" sizes=\"auto, (max-width: 500px) 100vw, 500px\" \/><\/a><\/p>\n<p><strong><em>Maison des cultures et de la coh\u00e9sion sociale<\/em><\/strong><\/p>\n<p>La journ\u00e9e se termine par la rencontre de Dirk Deblieck, le directeur de ce haut lieu socio-culturel abrit\u00e9 par un ancien lyc\u00e9e technique \u00e0 l&#8217;architecture majestueuse. Entre les frappes de djemb\u00e9s qui r\u00e9sonnent dans la classe d&#8217;\u00e0 c\u00f4t\u00e9, l&#8217;une des premi\u00e8res phrases de Dirk &#8211; \u00ab\u00a0Dans l\u2019id\u00e9al, je voudrais que nous soyons une \u00e9cole\u00a0\u00bb &#8211; permet de saisir le centre de gravit\u00e9 de ce projet ambitieux\u00a0: la culture comme vecteur, comme outil d\u2019\u00e9mancipation sociale et de d\u00e9veloppement individuel. Si les productions culturelles de classe nationale et internationale sont monnaie courante sur la sc\u00e8ne de la MCCS, la culture est aussi et surtout consid\u00e9r\u00e9e ici comme une occasion de rencontrer ses voisins, et, plus particuli\u00e8rement encore, de s\u2019ouvrir \u00e0 soi et aux autres. En effet, les projets cr\u00e9atifs impliquent de faire marcher son imagination, monter le projet, produire des oeuvres mat\u00e9rielles et immat\u00e9rielles, les pr\u00e9senter au public&#8230;.Une s\u00e9rie de savoir-faire qui permettent, aux jeunes, notamment, \u00ab\u00a0d&#8217;acqu\u00e9rir de la confiance en soi, de mieux travailler \u00e0 l&#8217;\u00e9cole, de mieux marcher en rue\u00a0\u00bb.<\/p>\n","protected":false},"excerpt":{"rendered":"<p>Une journ\u00e9e dans le quartier &#8220;Centre historique -Duchesse&#8221;, 28 octobre 2011 Pour notre deuxi\u00e8me journ\u00e9e de rep\u00e9rage, nous nous rendons dans le quartier &#8220;Centre historique -Duchesse&#8221;. Dans ce quartier encore une fois dense en initiatives et associations, nous rencontrons 7 acteurs qui nous ont \u00e9t\u00e9 r\u00e9v\u00e9l\u00e9s lors de l\u2019atelier du 18 octobre\u00a0: Oxfam-Solidarit\u00e9, l\u2019asbl La [&hellip;]<\/p>\n","protected":false},"author":1,"featured_media":391,"comment_status":"closed","ping_status":"closed","sticky":false,"template":"","format":"standard","meta":{"footnotes":""},"categories":[3],"tags":[],"class_list":["post-68","post","type-post","status-publish","format-standard","has-post-thumbnail","hentry","category-news"],"_links":{"self":[{"href":"https:\/\/www.sustainable-everyday-project.net\/agenda21molenbeek\/index.php?rest_route=\/wp\/v2\/posts\/68","targetHints":{"allow":["GET"]}}],"collection":[{"href":"https:\/\/www.sustainable-everyday-project.net\/agenda21molenbeek\/index.php?rest_route=\/wp\/v2\/posts"}],"about":[{"href":"https:\/\/www.sustainable-everyday-project.net\/agenda21molenbeek\/index.php?rest_route=\/wp\/v2\/types\/post"}],"author":[{"embeddable":true,"href":"https:\/\/www.sustainable-everyday-project.net\/agenda21molenbeek\/index.php?rest_route=\/wp\/v2\/users\/1"}],"replies":[{"embeddable":true,"href":"https:\/\/www.sustainable-everyday-project.net\/agenda21molenbeek\/index.php?rest_route=%2Fwp%2Fv2%2Fcomments&post=68"}],"version-history":[{"count":3,"href":"https:\/\/www.sustainable-everyday-project.net\/agenda21molenbeek\/index.php?rest_route=\/wp\/v2\/posts\/68\/revisions"}],"predecessor-version":[{"id":401,"href":"https:\/\/www.sustainable-everyday-project.net\/agenda21molenbeek\/index.php?rest_route=\/wp\/v2\/posts\/68\/revisions\/401"}],"wp:featuredmedia":[{"embeddable":true,"href":"https:\/\/www.sustainable-everyday-project.net\/agenda21molenbeek\/index.php?rest_route=\/wp\/v2\/media\/391"}],"wp:attachment":[{"href":"https:\/\/www.sustainable-everyday-project.net\/agenda21molenbeek\/index.php?rest_route=%2Fwp%2Fv2%2Fmedia&parent=68"}],"wp:term":[{"taxonomy":"category","embeddable":true,"href":"https:\/\/www.sustainable-everyday-project.net\/agenda21molenbeek\/index.php?rest_route=%2Fwp%2Fv2%2Fcategories&post=68"},{"taxonomy":"post_tag","embeddable":true,"href":"https:\/\/www.sustainable-everyday-project.net\/agenda21molenbeek\/index.php?rest_route=%2Fwp%2Fv2%2Ftags&post=68"}],"curies":[{"name":"wp","href":"https:\/\/api.w.org\/{rel}","templated":true}]}}