{"id":383,"date":"2021-04-02T11:45:29","date_gmt":"2021-04-02T11:45:29","guid":{"rendered":"http:\/\/www.sustainable-everyday-project.net\/boite-a-outils-visions-21\/?p=383"},"modified":"2021-04-08T07:44:10","modified_gmt":"2021-04-08T07:44:10","slug":"marcoussis","status":"publish","type":"post","link":"https:\/\/www.sustainable-everyday-project.net\/boite-a-outils-visions-21\/?p=383","title":{"rendered":"Marcoussis"},"content":{"rendered":"\n<figure class=\"wp-block-image size-large\"><img loading=\"lazy\" decoding=\"async\" width=\"1280\" height=\"880\" src=\"http:\/\/www.sustainable-everyday-project.net\/boite-a-outils-visions-21\/files\/2021\/04\/Capture-d\u2019e\u0301cran-2021-04-08-a\u0300-09.42.10-1280x880.png\" alt=\"\" class=\"wp-image-397\" srcset=\"https:\/\/www.sustainable-everyday-project.net\/boite-a-outils-visions-21\/files\/2021\/04\/Capture-d\u2019e\u0301cran-2021-04-08-a\u0300-09.42.10-1280x880.png 1280w, https:\/\/www.sustainable-everyday-project.net\/boite-a-outils-visions-21\/files\/2021\/04\/Capture-d\u2019e\u0301cran-2021-04-08-a\u0300-09.42.10-680x467.png 680w, https:\/\/www.sustainable-everyday-project.net\/boite-a-outils-visions-21\/files\/2021\/04\/Capture-d\u2019e\u0301cran-2021-04-08-a\u0300-09.42.10-768x528.png 768w, https:\/\/www.sustainable-everyday-project.net\/boite-a-outils-visions-21\/files\/2021\/04\/Capture-d\u2019e\u0301cran-2021-04-08-a\u0300-09.42.10-1536x1056.png 1536w, https:\/\/www.sustainable-everyday-project.net\/boite-a-outils-visions-21\/files\/2021\/04\/Capture-d\u2019e\u0301cran-2021-04-08-a\u0300-09.42.10-320x220.png 320w, https:\/\/www.sustainable-everyday-project.net\/boite-a-outils-visions-21\/files\/2021\/04\/Capture-d\u2019e\u0301cran-2021-04-08-a\u0300-09.42.10-480x330.png 480w, https:\/\/www.sustainable-everyday-project.net\/boite-a-outils-visions-21\/files\/2021\/04\/Capture-d\u2019e\u0301cran-2021-04-08-a\u0300-09.42.10.png 1900w\" sizes=\"auto, (max-width: 1280px) 100vw, 1280px\" \/><figcaption><em>Marcoussis 2038 &#8211; March\u00e9 aux id\u00e9es pour le futur<\/em><\/figcaption><\/figure>\n\n\n\n<p>En 2016, \u00e0 la fin de l\u2019Agenda 21, afin de d\u00e9finir les grands objectifs\nde d\u00e9veloppement durable de la commune pour les 20 ans \u00e0 venir, l\u2019\u00e9quipe\nmunicipale a lanc\u00e9 une r\u00e9flexion d\u2019envergure avec les habitants et les acteurs\ndu territoire afin d\u2019imaginer ensemble ce qui constituerait le bonheur \u00e0\nMarcoussis de demain. Cette r\u00e9flexion collective a \u00e9t\u00e9 men\u00e9e entre mars 2016 et\nseptembre 2017. La bo\u00eete \u00e0 outils\nVision + 21 a \u00e9t\u00e9 mobilis\u00e9e lors de diff\u00e9rentes \u00e9tapes de cette d\u00e9marche.<\/p>\n\n\n\n<p>18 mois de concertation autour de 25 rendez-vous (consultation, ateliers de r\u00e9flexion, th\u00e9\u00e2tre-forum, ateliers de prospective\u2026) auxquels ont particip\u00e9 au global 450 Marcoussissiens.<\/p>\n\n\n\n<p>Suite \u00e0 une consultation sur le\nbien-\u00eatre \u00e0 Marcoussis (150 habitants y ont particip\u00e9), 3 ateliers s\u2019appuyant\nsur les outils de Vision+21, ont r\u00e9uni, en avril 2016, 24 partenaires (8\nrepr\u00e9sentants de la soci\u00e9t\u00e9 civile, 8 \u00e9lus, 8 agents communaux) et ont eu pour\nobjectif de d\u00e9finir les d\u00e9fis \u00e0 relever \u00e0 l\u2019horizon 2037. Et ils ont abouti \u00e0\ntrois \u00e9bauches de sc\u00e9nario de d\u00e9veloppement \u00ab&nbsp;Marcoussis 2037&nbsp;\u00bb&nbsp;:<\/p>\n\n\n\n<p>&#8211; Bien-\u00eatre &amp; Vie locale<br>&#8211; Marcoussis, terre de partages<br>&#8211; Marcoussis commune &#8211; ville de partage<\/p>\n\n\n\n<p>En septembre, deux \u00ab&nbsp;ouvreurs de parole&nbsp;\u00bb sont all\u00e9s \u00e0 la rencontre des Marcoussissiens lors du forum des associations. Ils ont suscit\u00e9 \u00e9changes et r\u00e9actions en leur faisant compl\u00e9ter la phrase&nbsp;: &nbsp;&#8220;le bonheur \u00e0 Marcoussis demain, c&#8217;est\u2026&nbsp;&#8221; D\u2019autres rencontres et ateliers ont \u00e9t\u00e9 organis\u00e9s d\u2019octobre \u00e0 novembre autour de questions telles que : \u00ab&nbsp;Pourrons-nous \u00eatre heureux \u00e0 Marcoussis demain&nbsp;\u00bb ? , &#8220;Le bonheur et le mal-\u00eatre des jeunes \u00e0 Marcoussis. Et demain?&#8221;. &nbsp;En s\u2019inspirant du r\u00e9cit optimiste du documentaire &#8220;Demain&#8221;, des commissions compos\u00e9es d\u2019\u00e9lus, de professionnels et de 50 Marcoussissiens (tir\u00e9s au sort) ont r\u00e9fl\u00e9chi aux solutions qui pouvaient \u00eatre apport\u00e9es localement aux diff\u00e9rentes probl\u00e9matiques. <\/p>\n\n\n\n<p>&nbsp;En septembre, un march\u00e9 aux id\u00e9es invitait les Marcoussissiens \u00e0 choisir, parmi les 107 id\u00e9es qui ressortaient de la r\u00e9flexion collective, celles qui leurs semblaient essentielles pour le bien-\u00eatre de tous \u00e0 Marcoussis demain. Une centaine d\u2019habitants ont ainsi particip\u00e9 \u00e0 la d\u00e9finition commune des grands objectifs pour les 20 prochaines ann\u00e9es \u00e0 Marcoussis.<\/p>\n\n\n\n<p>Une dizaine de th\u00e9matiques sont ressorti de ce \u00ab&nbsp;march\u00e9 des\nid\u00e9es&nbsp;\u00bb&nbsp;autour : <\/p>\n\n\n\n<p>&#8211; des d\u00e9placements, <br>&#8211; des services publics, <br>&#8211; de la pr\u00e9servation du village (cadre, convivialit\u00e9, dynamisme), <br>&#8211; de l\u2019engagement citoyen, <br>&#8211; de la mixit\u00e9 et de la solidarit\u00e9, <br>&#8211; d\u2019une \u00e9conomie locale et responsable, <br>&#8211; de la valorisation de l\u2019ensemble des d\u00e9chets, <br>&#8211; d\u2019une production et d\u2019une consommation \u00e9nerg\u00e9tique responsables, <br>&#8211; d\u2019un syst\u00e8me \u00e9ducatif riche d\u2019\u00e9changes innovants\u2026<\/p>\n\n\n\n<p>Une s\u00e9ance de\n\u00ab&nbsp;distillation collective&nbsp;\u00bb avec une quinzaine de parties prenantes\ndu territoire ( un bureau municipal (29 \u00e9lus) \u00e9largi aux\ndistillateurs issus de la soci\u00e9t\u00e9 civile et \u00e0 des cadres \/ techniciens de la\ncollectivit\u00e9..) a ensuite tri\u00e9 et\ncat\u00e9goris\u00e9 les id\u00e9es les plus choisies. <\/p>\n\n\n\n<p>A partir de d\u00e9cembre 2016 et jusqu\u2019au printemps 2017, la r\u00e9flexion est pass\u00e9e \u00e0 l\u2019\u00ab op\u00e9rationnalisation&nbsp;\u00bb, en s\u2019appuyant sur la bo\u00eete \u00e0 outils Vision + 21, afin de construire, de baliser le parcours qui permettrait d\u2019atteindre la vision partag\u00e9e d\u00e9crite dans le sc\u00e9nario. D\u00e9velopper une vision, c\u2019est aussi, raconter une histoire, appr\u00e9hendable et partageable. Afin que les citoyens puissent se repr\u00e9senter le futur, visualiser \u00e0 quoi ressemblerait ce village de Marcoussis de demain, un court m\u00e9trage participatif a \u00e9t\u00e9 r\u00e9alis\u00e9&nbsp;: Marcoussis 2038, Loup y-es tu\u202f? Ce court m\u00e9trage donne \u00e0 voir le futur au quotidien. Et le nouvel Agenda 21 2.0 a \u00e9t\u00e9 lanc\u00e9 en juin 2017, \u00e0 l\u2019occasion de la f\u00eate de la fraise.<\/p>\n\n\n\n<iframe loading=\"lazy\" title=\"vimeo-player\" src=\"https:\/\/player.vimeo.com\/video\/277469930\" width=\"640\" height=\"360\" frameborder=\"0\" allowfullscreen=\"\"><\/iframe>\n\n\n\n<hr class=\"wp-block-separator\"\/>\n\n\n\n<p>En savoir\n+&nbsp;:<\/p>\n\n\n\n<p>&gt; Revue Ouzbek&amp;Rica&nbsp;: https:\/\/usbeketrica.com\/fr\/article\/a-marcoussis-les-citoyens-ont-co-construit-leur-futur<br> &gt; Film \u00ab&nbsp;Marcoussis 2038&nbsp;\u00bb : <a href=\"https:\/\/www.marcoussis.fr\/Marcoussis-2038-Loup-y-es-tu?recherche=vision%20%2B%2021\">https:\/\/www.marcoussis.fr\/Marcoussis-2038-Loup-y-es-tu?recherche=vision%20%2B%2021<\/a><\/p>\n\n\n\n<p>&gt; Diaporama bilan de la concertation Agenda 21&nbsp;: https:\/\/www.marcoussis.fr\/Le-developpement-durable<\/p>\n","protected":false},"excerpt":{"rendered":"<p>En 2016, \u00e0 la fin de l\u2019Agenda 21, afin de d\u00e9finir les grands objectifs de d\u00e9veloppement durable de la commune pour les 20 ans \u00e0 venir, l\u2019\u00e9quipe municipale a lanc\u00e9 une r\u00e9flexion d\u2019envergure avec les habitants et les acteurs du territoire afin d\u2019imaginer ensemble ce qui constituerait le bonheur \u00e0 Marcoussis de demain. Cette r\u00e9flexion [&hellip;]<\/p>\n","protected":false},"author":1,"featured_media":0,"comment_status":"closed","ping_status":"open","sticky":false,"template":"","format":"standard","meta":{"footnotes":""},"categories":[8],"tags":[],"class_list":["post-383","post","type-post","status-publish","format-standard","hentry","category-visions21-dans-les-territoires"],"_links":{"self":[{"href":"https:\/\/www.sustainable-everyday-project.net\/boite-a-outils-visions-21\/index.php?rest_route=\/wp\/v2\/posts\/383","targetHints":{"allow":["GET"]}}],"collection":[{"href":"https:\/\/www.sustainable-everyday-project.net\/boite-a-outils-visions-21\/index.php?rest_route=\/wp\/v2\/posts"}],"about":[{"href":"https:\/\/www.sustainable-everyday-project.net\/boite-a-outils-visions-21\/index.php?rest_route=\/wp\/v2\/types\/post"}],"author":[{"embeddable":true,"href":"https:\/\/www.sustainable-everyday-project.net\/boite-a-outils-visions-21\/index.php?rest_route=\/wp\/v2\/users\/1"}],"replies":[{"embeddable":true,"href":"https:\/\/www.sustainable-everyday-project.net\/boite-a-outils-visions-21\/index.php?rest_route=%2Fwp%2Fv2%2Fcomments&post=383"}],"version-history":[{"count":3,"href":"https:\/\/www.sustainable-everyday-project.net\/boite-a-outils-visions-21\/index.php?rest_route=\/wp\/v2\/posts\/383\/revisions"}],"predecessor-version":[{"id":399,"href":"https:\/\/www.sustainable-everyday-project.net\/boite-a-outils-visions-21\/index.php?rest_route=\/wp\/v2\/posts\/383\/revisions\/399"}],"wp:attachment":[{"href":"https:\/\/www.sustainable-everyday-project.net\/boite-a-outils-visions-21\/index.php?rest_route=%2Fwp%2Fv2%2Fmedia&parent=383"}],"wp:term":[{"taxonomy":"category","embeddable":true,"href":"https:\/\/www.sustainable-everyday-project.net\/boite-a-outils-visions-21\/index.php?rest_route=%2Fwp%2Fv2%2Fcategories&post=383"},{"taxonomy":"post_tag","embeddable":true,"href":"https:\/\/www.sustainable-everyday-project.net\/boite-a-outils-visions-21\/index.php?rest_route=%2Fwp%2Fv2%2Ftags&post=383"}],"curies":[{"name":"wp","href":"https:\/\/api.w.org\/{rel}","templated":true}]}}