{"id":318,"date":"2011-01-03T14:39:56","date_gmt":"2011-01-03T14:39:56","guid":{"rendered":"http:\/\/www.sustainable-everyday.net\/inventerleslyceesdemain\/?p=318"},"modified":"2013-12-21T09:29:17","modified_gmt":"2013-12-21T09:29:17","slug":"le-lycee-comme-ressource-mutualisation-coeur-de-reseau","status":"publish","type":"post","link":"https:\/\/www.sustainable-everyday-project.net\/inventerleslyceesdemain\/?p=318","title":{"rendered":"Le lyc\u00e9e comme ressource, mutualisation, c\u0153ur de r\u00e9seau"},"content":{"rendered":"<p>Le lyc\u00e9e repr\u00e9sente une infrastructure consid\u00e9rable en terme de locaux, d&#8217;\u00e9quipements, de personnels&#8230; qui est utilis\u00e9e une dizaine d&#8217;heures 5 jours par semaine. Comment penser les lyc\u00e9es comme des points n\u00e9vralgiques et connect\u00e9s sur le territoire? Comment en faire une ressource pour le quartier, la ville, la r\u00e9gion? Comment cette ouverture aux citoyens, aux institutions, entreprises, associations&#8230; peut en retour enrichir le lyc\u00e9e?<\/p>\n<p>&#8211; Concevoir les \u00e9tablissements en r\u00e9seau&#8230;<br \/>\nA l&#8217;\u00e9chelle du territoire, la vision est celle d&#8217;une cha\u00eene d&#8217;\u00e9tablissements interconnect\u00e9s formant un &#8216;macro-lyc\u00e9e&#8217; au sein duquel certains \u00e9quipements de pointe sont partag\u00e9s, les sp\u00e9cialit\u00e9s d&#8217;un \u00e9tablissement professionnel sont mises \u00e0 disposition des autres, des services sont \u00e9chang\u00e9s entre technique et artistique&#8230; Ce r\u00e9seau de lyc\u00e9es valorise aussi ses services vers l&#8217;ext\u00e9rieur, drainant ainsi des micro-projets concrets, des opportunit\u00e9s de stages courts, des occasions d&#8217;appliquer les premi\u00e8res comp\u00e9tences des \u00e9l\u00e8ves en vraie grandeur&#8230; <\/p>\n<p>La R\u00e9gion Aquitaine exp\u00e9rimente <a href=\"http:\/\/www.territorial.fr\/PAR_TPL_IDENTIFIANT\/6312\/TPL_CODE\/TPL_HYPERBREVE_FICHE\/PROV\/RSSALAUNE_SIT_TERRITORIAL\/803-actualite.htm\">l&#8217;ouverture de l&#8217;internat aux travailleurs saisonniers<\/a>.<\/p>\n<p>&#8211; Penser en terme de services aux publics&#8230;<br \/>\nLe lyc\u00e9e peux d&#8217;autant plus valoriser ses ressources que son infrastructure facilite l&#8217;acc\u00e8s diff\u00e9renci\u00e9: la salle informatique a une entr\u00e9e directe de l&#8217;ext\u00e9rieur; des salles banalis\u00e9es peuvent \u00eatre r\u00e9serv\u00e9es par des associations pour quelques heures; le CDI est aussi une biblioth\u00e8que municipale de plus; les \u00e9quipements de sport peuvent \u00eatre r\u00e9serv\u00e9s par des particuliers; les chambres vacantes de l&#8217;internat sont disponibles sur un site touristique&#8230;<\/p>\n<p>&#8211; Tirer des b\u00e9n\u00e9fices pour le lyc\u00e9e&#8230;<br \/>\nPenser les lyc\u00e9es comme ressources, c&#8217;est d&#8217;abord faire b\u00e9n\u00e9ficier les \u00e9tablissements eux m\u00eame des biens et des services qu&#8217;ils peuvent s&#8217;\u00e9changer entre eux. Ensuite, faire profiter de ses ressources c&#8217;est valoriser une monnaie d&#8217;\u00e9change qui fait venir des entreprises utilisant l&#8217;amphi pour une convention, rend visibles les ressources associatives locales en fournissant le pr\u00e9au pour un salon des associations, \u00e9change des stages contre l&#8217;usage des certains \u00e9quipements&#8230;<\/p>\n","protected":false},"excerpt":{"rendered":"<p>Le lyc\u00e9e repr\u00e9sente une infrastructure consid\u00e9rable en terme de locaux, d&#8217;\u00e9quipements, de personnels&#8230; qui est utilis\u00e9e une dizaine d&#8217;heures 5 jours par semaine. Comment penser les lyc\u00e9es comme des points n\u00e9vralgiques et connect\u00e9s sur le territoire? Comment en faire une ressource pour le quartier, la ville, la r\u00e9gion? Comment cette ouverture aux citoyens, aux institutions, [&hellip;]<\/p>\n","protected":false},"author":1,"featured_media":0,"comment_status":"closed","ping_status":"closed","sticky":false,"template":"","format":"standard","meta":{"footnotes":""},"categories":[3],"tags":[],"class_list":["post-318","post","type-post","status-publish","format-standard","hentry","category-ateliercreatif"],"_links":{"self":[{"href":"https:\/\/www.sustainable-everyday-project.net\/inventerleslyceesdemain\/index.php?rest_route=\/wp\/v2\/posts\/318","targetHints":{"allow":["GET"]}}],"collection":[{"href":"https:\/\/www.sustainable-everyday-project.net\/inventerleslyceesdemain\/index.php?rest_route=\/wp\/v2\/posts"}],"about":[{"href":"https:\/\/www.sustainable-everyday-project.net\/inventerleslyceesdemain\/index.php?rest_route=\/wp\/v2\/types\/post"}],"author":[{"embeddable":true,"href":"https:\/\/www.sustainable-everyday-project.net\/inventerleslyceesdemain\/index.php?rest_route=\/wp\/v2\/users\/1"}],"replies":[{"embeddable":true,"href":"https:\/\/www.sustainable-everyday-project.net\/inventerleslyceesdemain\/index.php?rest_route=%2Fwp%2Fv2%2Fcomments&post=318"}],"version-history":[{"count":1,"href":"https:\/\/www.sustainable-everyday-project.net\/inventerleslyceesdemain\/index.php?rest_route=\/wp\/v2\/posts\/318\/revisions"}],"predecessor-version":[{"id":511,"href":"https:\/\/www.sustainable-everyday-project.net\/inventerleslyceesdemain\/index.php?rest_route=\/wp\/v2\/posts\/318\/revisions\/511"}],"wp:attachment":[{"href":"https:\/\/www.sustainable-everyday-project.net\/inventerleslyceesdemain\/index.php?rest_route=%2Fwp%2Fv2%2Fmedia&parent=318"}],"wp:term":[{"taxonomy":"category","embeddable":true,"href":"https:\/\/www.sustainable-everyday-project.net\/inventerleslyceesdemain\/index.php?rest_route=%2Fwp%2Fv2%2Fcategories&post=318"},{"taxonomy":"post_tag","embeddable":true,"href":"https:\/\/www.sustainable-everyday-project.net\/inventerleslyceesdemain\/index.php?rest_route=%2Fwp%2Fv2%2Ftags&post=318"}],"curies":[{"name":"wp","href":"https:\/\/api.w.org\/{rel}","templated":true}]}}