{"id":275,"date":"2011-02-11T15:13:02","date_gmt":"2011-02-11T15:13:02","guid":{"rendered":"http:\/\/www.sustainable-everyday.net\/saintgilles\/?p=275"},"modified":"2014-03-04T10:38:26","modified_gmt":"2014-03-04T10:38:26","slug":"atelier-adopter-un-arbre-la-cambre-design-1","status":"publish","type":"post","link":"https:\/\/www.sustainable-everyday-project.net\/saintgilles\/?p=275","title":{"rendered":"Atelier \u201cadopter un arbre\u201d, La Cambre, design (1)"},"content":{"rendered":"<p><img loading=\"lazy\" decoding=\"async\" class=\" wp-image-488 alignnone\" title=\"wshp3lacambre\" src=\"http:\/\/www.sustainable-everyday-project.net\/saintgilles\/files\/2011\/02\/wshp3lacambre1-1024x307.jpg\" alt=\"\" width=\"680\" height=\"234\" \/><\/p>\n<p>Petit atelier de conception avec les \u00e9tudiants en design de &#8220;La Cambre&#8221;, autour du projet &#8220;Adopter un arbre&#8221;. Quels sont les enjeux de l&#8217;adoption d&#8217;un arbre, que peut-on imaginer autour du processus d&#8217;adoption en prenant en compte des contraintes techniques, telles que la protection du dispositif, l&#8217;accessibilit\u00e9 aux enfants, le respect de la r\u00e8glementation et des conditions pos\u00e9es par le services d&#8217;urbanisme de la commune etc.<strong><br \/>\n<\/strong><\/p>\n<p><strong><!--more--><\/strong><strong>Workshop_ ADOPTER UN ARBRE<\/strong><\/p>\n<p><strong> <\/strong>ENSAV La Cambre 2010-2011<em> _ Eco-conception &amp; d\u00e9veloppement durable<\/em><\/p>\n<p>1_Pr\u00e9sentation du projet &#8220;j&#8217;adopte mon arbre&#8221; : T\u00e9moignage vid\u00e9o de Gaia Carabillo pour le comit\u00e9 de quartier des rues Crickx et Defnet.<\/p>\n<p><img loading=\"lazy\" decoding=\"async\" class=\"size-full wp-image-492 alignnone\" title=\"wsplacambre1\" src=\"http:\/\/www.sustainable-everyday-project.net\/saintgilles\/files\/2011\/02\/wsplacambre11-e1362584423521.jpg\" alt=\"\" width=\"680\" height=\"244\" \/><\/p>\n<p>2_Lancement de l&#8217;atelier\u00a0 :<\/p>\n<p>Dans le cadre du projet <strong>&#8220;Adopter un arbre&#8221;<\/strong> du Plan d&#8217;Action AGENDA 21 de la Commune de Saint-Gilles, nous vous proposons &#8220;l&#8217;am\u00e9nagement d&#8217;un arbre&#8221; comprenant:<\/p>\n<p>_Comment<strong> prot\u00e9ger le pied de l&#8217;arbre <\/strong>et les plantes qui s&#8217;y trouvent des voitures qui se garent, des chiens qui grattent la terre pour faire leurs besoins, des d\u00e9p\u00f4ts d&#8217;ordures sauvages&#8230;?<\/p>\n<p>_Comment est-ce que <strong>l&#8217;action reste pr\u00e9sente\/visible <\/strong>dans l&#8217;espace public en toutes saisons (en particulier en hivers, des plantes vivaces ou annuelles)?<\/p>\n<p>_Quels <strong>type de plantes au pied de l&#8217;arbre<\/strong>, quelle taille&#8230;? (Attention aux plantes \u00e0 bais toxiques, et aux plantes invasives, croissance des plantes)<\/p>\n<p>_ Comment <strong>ne pas entraver la croissance naturelle<\/strong> de l&#8217;arbre ?<\/p>\n<p>_Quel type d\u2019am\u00e9nagement pour n<strong>e pas obstruer la visibilit\u00e9 <\/strong>? (Ne pas masquer un enfant qui tente de traverser la rue)<\/p>\n<p>_Comment <strong>indiquer que l&#8217;arbre est adopt\u00e9 <\/strong>par une ou plusieurs familles logeant en face (\u00e9criteau sur l&#8217;arbre, plaque d&#8217;adoption, panneau aux fen\u00eatres&#8230;) ?<\/p>\n<p>_ Comment le dispositif <strong>r\u00e9siste-t-il au vandalisme <\/strong>?<\/p>\n<p>_Comment peut-on<strong> impliquer des ateliers pour enfants <\/strong>dans la r\u00e9alisation de l&#8217;am\u00e9nagement de l&#8217;arbre?<\/p>\n<p>_Comment faire avec les moyens du bord, de la r\u00e9cup\u00e9ration, du <em>ready made<\/em> et un<strong> budget de 15 \u20ac par arbre<\/strong>&#8230;?<\/p>\n<p>_Comment le dispositif <strong>peut-il \u00e9voluer <\/strong>? Selon les diff\u00e9rentes personnes qui adoptent ou avec la croissance des plantes par exemple&#8230;<\/p>\n<p><img loading=\"lazy\" decoding=\"async\" class=\"alignnone size-full wp-image-493\" title=\"wshplacambre3\" src=\"http:\/\/www.sustainable-everyday-project.net\/saintgilles\/files\/2011\/02\/wshplacambre31-e1362584526714.jpg\" alt=\"\" width=\"680\" height=\"274\" \/><\/p>\n<p>Prochaine \u00e9tape le 24 f\u00e9vrier pour la pr\u00e9sentation des projets.<\/p>\n","protected":false},"excerpt":{"rendered":"<p>Petit atelier de conception avec les \u00e9tudiants en design de &#8220;La Cambre&#8221;, autour du projet &#8220;Adopter un arbre&#8221;. Quels sont les enjeux de l&#8217;adoption d&#8217;un arbre, que peut-on imaginer autour du processus d&#8217;adoption en prenant en compte des contraintes techniques, telles que la protection du dispositif, l&#8217;accessibilit\u00e9 aux enfants, le respect de la r\u00e8glementation et [&hellip;]<\/p>\n","protected":false},"author":1,"featured_media":488,"comment_status":"closed","ping_status":"closed","sticky":false,"template":"","format":"standard","meta":{"footnotes":""},"categories":[3,5,6],"tags":[],"class_list":["post-275","post","type-post","status-publish","format-standard","has-post-thumbnail","hentry","category-verdurisation","category-news","category-slider"],"_links":{"self":[{"href":"https:\/\/www.sustainable-everyday-project.net\/saintgilles\/index.php?rest_route=\/wp\/v2\/posts\/275","targetHints":{"allow":["GET"]}}],"collection":[{"href":"https:\/\/www.sustainable-everyday-project.net\/saintgilles\/index.php?rest_route=\/wp\/v2\/posts"}],"about":[{"href":"https:\/\/www.sustainable-everyday-project.net\/saintgilles\/index.php?rest_route=\/wp\/v2\/types\/post"}],"author":[{"embeddable":true,"href":"https:\/\/www.sustainable-everyday-project.net\/saintgilles\/index.php?rest_route=\/wp\/v2\/users\/1"}],"replies":[{"embeddable":true,"href":"https:\/\/www.sustainable-everyday-project.net\/saintgilles\/index.php?rest_route=%2Fwp%2Fv2%2Fcomments&post=275"}],"version-history":[{"count":9,"href":"https:\/\/www.sustainable-everyday-project.net\/saintgilles\/index.php?rest_route=\/wp\/v2\/posts\/275\/revisions"}],"predecessor-version":[{"id":667,"href":"https:\/\/www.sustainable-everyday-project.net\/saintgilles\/index.php?rest_route=\/wp\/v2\/posts\/275\/revisions\/667"}],"wp:featuredmedia":[{"embeddable":true,"href":"https:\/\/www.sustainable-everyday-project.net\/saintgilles\/index.php?rest_route=\/wp\/v2\/media\/488"}],"wp:attachment":[{"href":"https:\/\/www.sustainable-everyday-project.net\/saintgilles\/index.php?rest_route=%2Fwp%2Fv2%2Fmedia&parent=275"}],"wp:term":[{"taxonomy":"category","embeddable":true,"href":"https:\/\/www.sustainable-everyday-project.net\/saintgilles\/index.php?rest_route=%2Fwp%2Fv2%2Fcategories&post=275"},{"taxonomy":"post_tag","embeddable":true,"href":"https:\/\/www.sustainable-everyday-project.net\/saintgilles\/index.php?rest_route=%2Fwp%2Fv2%2Ftags&post=275"}],"curies":[{"name":"wp","href":"https:\/\/api.w.org\/{rel}","templated":true}]}}