{"id":394,"date":"2011-02-25T19:19:41","date_gmt":"2011-02-25T19:19:41","guid":{"rendered":"http:\/\/www.sustainable-everyday.net\/saintgilles\/?p=394"},"modified":"2014-03-04T10:38:26","modified_gmt":"2014-03-04T10:38:26","slug":"atelier-adopter-un-arbre-la-cambre-design-2-2","status":"publish","type":"post","link":"https:\/\/www.sustainable-everyday-project.net\/saintgilles\/?p=394","title":{"rendered":"Atelier \u201cadopter un arbre\u201d, La Cambre, design (2)"},"content":{"rendered":"<p><img loading=\"lazy\" decoding=\"async\" class=\"alignnone size-full wp-image-510\" title=\"wshp2-la-cambre\" src=\"http:\/\/www.sustainable-everyday-project.net\/saintgilles\/files\/2011\/02\/wshp2-la-cambre-e1362587303765.jpg\" alt=\"\" width=\"680\" height=\"268\" \/><\/p>\n<p>Pr\u00e9sentation des projets des \u00e9tudiants de La Cambre sur le projet &#8220;Adopter un arbre&#8221; en pr\u00e9sence des responsables de l&#8217;Agenda 21 de Saint-Gilles, Arnaud Dewez et Julien Lesceux.<!--more--><\/p>\n<p>Apr\u00e8s un rapide tour de table <span style=\"color: #333333;\">et la pr\u00e9sentation des activit\u00e9s de l&#8217;Agenda 21 de Saint-Gilles<\/span><span style=\"color: #333333;\">,<\/span> les \u00e9tudiants exposent leurs projets et expliquent rapidement \u00e0 quoi r\u00e9pond leur dispositif et comment ils pourraient \u00eatre mis en \u0153uvre.<\/p>\n<p><img loading=\"lazy\" decoding=\"async\" class=\"alignnone size-full wp-image-512\" title=\"prpositions-la-cambre-2\" src=\"http:\/\/www.sustainable-everyday-project.net\/saintgilles\/files\/2011\/02\/prpositions-la-cambre-2-e1362587677741.jpg\" alt=\"\" width=\"680\" height=\"255\" \/><\/p>\n<p>&nbsp;<\/p>\n<p>Le groupe est compos\u00e9 d&#8217;\u00e9tudiants de sp\u00e9cialit\u00e9s diff\u00e9rentes : design industriel, architecture d&#8217;int\u00e9rieur et design textile. Chacun ayant r\u00e9pondu avec sa pratique personnelle du design.<\/p>\n<p><strong>Verdurisation<\/strong><\/p>\n<p><strong> <img decoding=\"async\" class=\"alignnone  wp-image-423\" title=\"Camillepptsize\" src=\"http:\/\/www.sustainable-everyday.net\/saintgilles\/wp-content\/uploads\/Camillepptsize-150x150.jpg\" alt=\"\" \/> <img decoding=\"async\" class=\"alignnone  wp-image-445\" title=\"dernier projet\" src=\"http:\/\/www.sustainable-everyday.net\/saintgilles\/wp-content\/uploads\/dernier-projet-150x150.jpg\" alt=\"\" \/><br \/>\n<\/strong><\/p>\n<p>Carine Noti Bibi Mba, Camille Geelhand, Marine Vernot<\/p>\n<p>Des projets qui ont mis l&#8217;accent sur le v\u00e9g\u00e9tal, Quel type de v\u00e9g\u00e9tation planter et comment&#8230;\u00a0 Une pyramide au pied de l&#8217;arbre pour faire pousser une grimpante et assez souple pour ne pas \u00eatre endommag\u00e9e par les voitures, un manteau pr\u00e9-sem\u00e9 qui entourerait le tronc d&#8217;un arbre pour fleurir sur toute la hauteur, des contenants textiles accroch\u00e9s aux arbres pour faire pousser des petites plantes aromatiques par exemple&#8230;<\/p>\n<p><strong>Signification d&#8217;un lieu domestique<\/strong><\/p>\n<p><strong> <img decoding=\"async\" class=\"alignnone  wp-image-460\" title=\"emmanuelle_beduneau_pptsize4\" src=\"http:\/\/www.sustainable-everyday.net\/saintgilles\/wp-content\/uploads\/emmanuelle_beduneau_pptsize4-150x150.jpg\" alt=\"\" \/> <img decoding=\"async\" class=\"alignnone  wp-image-426\" title=\"emmanuelle_beduneau_pptsize1\" src=\"http:\/\/www.sustainable-everyday.net\/saintgilles\/wp-content\/uploads\/emmanuelle_beduneau_pptsize1-150x150.jpg\" alt=\"\" \/><br \/>\n<\/strong><\/p>\n<p><strong><img decoding=\"async\" class=\"alignnone  wp-image-432\" title=\"Gaetanopptsize\" src=\"http:\/\/www.sustainable-everyday.net\/saintgilles\/wp-content\/uploads\/Gaetanopptsize-150x150.jpg\" alt=\"\" \/><a href=\"http:\/\/www.sustainable-everyday-project.net\/saintgilles\/files\/2011\/02\/adopter-un-arbre_Claudio-Di-Palma_Page_21-500x7071.jpg\"><img loading=\"lazy\" decoding=\"async\" class=\"alignnone size-thumbnail wp-image-514\" title=\"adopter-un-arbre_Claudio-Di-Palma_Page_21-500x707\" src=\"http:\/\/www.sustainable-everyday-project.net\/saintgilles\/files\/2011\/02\/adopter-un-arbre_Claudio-Di-Palma_Page_21-500x7071-150x150.jpg\" alt=\"\" width=\"150\" height=\"150\" \/><\/a><\/strong><\/p>\n<p>Emmanuelle B\u00e9duneau, Gaetano Anzaldi, Claudio Delpalma<\/p>\n<p>Comment recr\u00e9e-t-on l&#8217;ambiance\u00a0 d&#8217;un petit &#8220;chez soi&#8221;? Comment fait-on de l&#8217;arbre le symbole d&#8217;un espace appropri\u00e9? De l&#8217;installation de petit objets mobiles ludiques, \u00e0 l&#8217;am\u00e9nagement de &#8220;mobilier&#8221; pour s&#8217;assoir et discuter autour des arbres, en passant par la suspension de rubans color\u00e9s et la culture de vivaces color\u00e9es comme les foug\u00e8res<strong>, <\/strong>ces projets proposent des solutions pour &#8220;habiter&#8221; et \u00e9gayer la rue durant toute l&#8217;ann\u00e9e, pas seulement pendant les belles heures d&#8217;\u00e9t\u00e9.<\/p>\n<p><strong><br \/>\n<\/strong><\/p>\n<p><strong>Symbolique de l&#8217;adoption<\/strong><\/p>\n<p><img decoding=\"async\" class=\"alignnone  wp-image-430\" title=\"devos manon arbrepptsize\" src=\"http:\/\/www.sustainable-everyday.net\/saintgilles\/wp-content\/uploads\/devos-manon-arbrepptsize-150x150.jpg\" alt=\"\" \/> <img decoding=\"async\" class=\"alignnone  wp-image-431\" title=\"thibault de becdelievre pptsize\" src=\"http:\/\/www.sustainable-everyday.net\/saintgilles\/wp-content\/uploads\/thibault-de-becdelievre-pptsize-150x150.jpg\" alt=\"\" \/> <img decoding=\"async\" class=\"alignnone  wp-image-429\" title=\"Irinapptsize\" src=\"http:\/\/www.sustainable-everyday.net\/saintgilles\/wp-content\/uploads\/Irinapptsize-150x150.jpg\" alt=\"\" \/><\/p>\n<p>Manon Devos, Thibault De Becdeli\u00e8vre, Irina Scrinic<\/p>\n<p><img decoding=\"async\" class=\"alignnone  wp-image-444\" title=\"planche titre-1\" src=\"http:\/\/www.sustainable-everyday.net\/saintgilles\/wp-content\/uploads\/planche-titre-1-150x150.jpg\" alt=\"\" \/> <img decoding=\"async\" class=\"alignnone  wp-image-443\" title=\"planche poste\" src=\"http:\/\/www.sustainable-everyday.net\/saintgilles\/wp-content\/uploads\/planche-poste-150x150.jpg\" alt=\"\" \/><\/p>\n<p>Emmanuel Xavier<\/p>\n<p>Plusieurs \u00e9tudiants ont souhait\u00e9 d\u00e9passer le cadre de la verdurisation du pied des arbres pour se concentrer plut\u00f4t sur la &#8220;symbolique&#8221; de l&#8217;adoption. Comment signifie-t-on que cet arbre est adopt\u00e9 ? Comment permet-on de diffuser le processus d&#8217;adoption ? Tricotant une bague en fibre plastique de r\u00e9cup\u00e9ration, brod\u00e9e \u00e0 son nom autour du tronc de l&#8217;arbre, on peut d\u00e9m\u00e9nager avec le tricot et adopter un nouvel arbre, dans une nouvelle rue &#8230; Un code couleur, un travail de tissage en osier autour des arbres pour assurer leur protection ou encore des arbres \u00e0 lettres, qui permettraient aux enfants d&#8217;\u00e9changer entre eux dans la rue, autant de projet de visibilit\u00e9 et de personnalisation de la rue \u00e0 travers l&#8217;appropriation des arbres&#8230;<\/p>\n<p><strong><br \/>\n<\/strong><\/p>\n","protected":false},"excerpt":{"rendered":"<p>Pr\u00e9sentation des projets des \u00e9tudiants de La Cambre sur le projet &#8220;Adopter un arbre&#8221; en pr\u00e9sence des responsables de l&#8217;Agenda 21 de Saint-Gilles, Arnaud Dewez et Julien Lesceux.<\/p>\n","protected":false},"author":1,"featured_media":510,"comment_status":"closed","ping_status":"closed","sticky":false,"template":"","format":"standard","meta":{"footnotes":""},"categories":[3,5,6],"tags":[],"class_list":["post-394","post","type-post","status-publish","format-standard","has-post-thumbnail","hentry","category-verdurisation","category-news","category-slider"],"_links":{"self":[{"href":"https:\/\/www.sustainable-everyday-project.net\/saintgilles\/index.php?rest_route=\/wp\/v2\/posts\/394","targetHints":{"allow":["GET"]}}],"collection":[{"href":"https:\/\/www.sustainable-everyday-project.net\/saintgilles\/index.php?rest_route=\/wp\/v2\/posts"}],"about":[{"href":"https:\/\/www.sustainable-everyday-project.net\/saintgilles\/index.php?rest_route=\/wp\/v2\/types\/post"}],"author":[{"embeddable":true,"href":"https:\/\/www.sustainable-everyday-project.net\/saintgilles\/index.php?rest_route=\/wp\/v2\/users\/1"}],"replies":[{"embeddable":true,"href":"https:\/\/www.sustainable-everyday-project.net\/saintgilles\/index.php?rest_route=%2Fwp%2Fv2%2Fcomments&post=394"}],"version-history":[{"count":7,"href":"https:\/\/www.sustainable-everyday-project.net\/saintgilles\/index.php?rest_route=\/wp\/v2\/posts\/394\/revisions"}],"predecessor-version":[{"id":663,"href":"https:\/\/www.sustainable-everyday-project.net\/saintgilles\/index.php?rest_route=\/wp\/v2\/posts\/394\/revisions\/663"}],"wp:featuredmedia":[{"embeddable":true,"href":"https:\/\/www.sustainable-everyday-project.net\/saintgilles\/index.php?rest_route=\/wp\/v2\/media\/510"}],"wp:attachment":[{"href":"https:\/\/www.sustainable-everyday-project.net\/saintgilles\/index.php?rest_route=%2Fwp%2Fv2%2Fmedia&parent=394"}],"wp:term":[{"taxonomy":"category","embeddable":true,"href":"https:\/\/www.sustainable-everyday-project.net\/saintgilles\/index.php?rest_route=%2Fwp%2Fv2%2Fcategories&post=394"},{"taxonomy":"post_tag","embeddable":true,"href":"https:\/\/www.sustainable-everyday-project.net\/saintgilles\/index.php?rest_route=%2Fwp%2Fv2%2Ftags&post=394"}],"curies":[{"name":"wp","href":"https:\/\/api.w.org\/{rel}","templated":true}]}}